{"id":38165,"date":"2025-07-31T17:35:53","date_gmt":"2025-07-31T15:35:53","guid":{"rendered":"https:\/\/festivalpanoramic.cat\/?p=38165"},"modified":"2025-07-31T18:05:34","modified_gmt":"2025-07-31T16:05:34","slug":"selected-projects-for-open-panoramic-2025","status":"publish","type":"post","link":"https:\/\/festivalpanoramic.cat\/en\/2025\/07\/31\/selected-projects-for-open-panoramic-2025\/","title":{"rendered":"Selected projects for Open Panor\u00e0mic 2025"},"content":{"rendered":"<p>[et_pb_section fb_built=&#8221;1&#8243; admin_label=&#8221;section&#8221; _builder_version=&#8221;4.16&#8243; global_colors_info=&#8221;{}&#8221;][et_pb_row admin_label=&#8221;row&#8221; _builder_version=&#8221;4.16&#8243; background_size=&#8221;initial&#8221; background_position=&#8221;top_left&#8221; background_repeat=&#8221;repeat&#8221; global_colors_info=&#8221;{}&#8221;][et_pb_column type=&#8221;4_4&#8243; _builder_version=&#8221;4.16&#8243; custom_padding=&#8221;|||&#8221; global_colors_info=&#8221;{}&#8221; custom_padding__hover=&#8221;|||&#8221;][et_pb_text _builder_version=&#8221;4.27.4&#8243; _module_preset=&#8221;default&#8221; global_colors_info=&#8221;{}&#8221;]<\/p>\n<p data-start=\"326\" data-end=\"402\">The selected projects for <strong>Open Panor\u00e0mic 2025<\/strong> \u2014 the open call for national and international creators, which this year focuses on the theme \u201cBreak. Towards a new visual order\u201d \u2014 have now been announced.<\/p>\n<p data-start=\"1827\" data-end=\"2040\">We would like to thank everyone who submitted their proposals. The quality and diversity of the work received motivates us to continue fostering this space for exchange between artists, programmers, and audiences.<\/p>\n<p data-start=\"2042\" data-end=\"2234\">The selected projects will be part of the festival\u2019s exhibition programme and will be on view at the Espai d\u2019Arts of Roca Umbert F\u00e0brica de les Arts (Granollers) from October to December 2025.<\/p>\n<p data-start=\"2236\" data-end=\"2291\">Here are the names of the selected artists by category:<\/p>\n<h6 data-start=\"2293\" data-end=\"2321\">Category A \u2013 Still image<\/h6>\n<ul data-start=\"2322\" data-end=\"2445\">\n<li data-start=\"2322\" data-end=\"2360\">\n<p data-start=\"2324\" data-end=\"2360\"><strong data-start=\"2324\" data-end=\"2345\">Benedetta Ristori<\/strong> (@b.ristori)<\/p>\n<\/li>\n<li data-start=\"2361\" data-end=\"2398\">\n<p data-start=\"2363\" data-end=\"2398\"><strong data-start=\"2363\" data-end=\"2383\">Polina Schneider<\/strong> (@polisnaps)<\/p>\n<\/li>\n<li data-start=\"2399\" data-end=\"2445\">\n<p data-start=\"2401\" data-end=\"2445\"><strong data-start=\"2401\" data-end=\"2423\">Beatrice Moumdjian<\/strong> (@surveillanceartist)<\/p>\n<\/li>\n<\/ul>\n<h6 data-start=\"2447\" data-end=\"2481\">Category B \u2013 Audiovisual essay<\/h6>\n<ul data-start=\"2482\" data-end=\"2602\">\n<li data-start=\"2482\" data-end=\"2531\">\n<p data-start=\"2484\" data-end=\"2531\"><strong data-start=\"2484\" data-end=\"2511\">Laura Baigorri Ballar\u00edn<\/strong> (@baigorri.laura)<\/p>\n<\/li>\n<li data-start=\"2532\" data-end=\"2553\">\n<p data-start=\"2534\" data-end=\"2553\"><strong data-start=\"2534\" data-end=\"2551\">Kenneth Russo<\/strong><\/p>\n<\/li>\n<li data-start=\"2554\" data-end=\"2602\">\n<p data-start=\"2556\" data-end=\"2602\"><strong data-start=\"2556\" data-end=\"2580\">Ignasi Prat Altimira<\/strong> (@ignasiprataltimira)<\/p>\n<\/li>\n<\/ul>\n<h6 data-start=\"2604\" data-end=\"2634\">Category C \u2013 Other formats<\/h6>\n<ul data-start=\"2635\" data-end=\"2728\">\n<li data-start=\"2635\" data-end=\"2679\">\n<p data-start=\"2637\" data-end=\"2679\"><strong data-start=\"2637\" data-end=\"2663\">M\u00f2nica Porta Dom\u00ednguez<\/strong> (@monicporta)<\/p>\n<\/li>\n<li data-start=\"2680\" data-end=\"2707\">\n<p data-start=\"2682\" data-end=\"2707\"><strong data-start=\"2682\" data-end=\"2705\">Marta Bisbal Torres<\/strong><\/p>\n<\/li>\n<li data-start=\"2708\" data-end=\"2728\">\n<p data-start=\"2710\" data-end=\"2728\"><strong data-start=\"2710\" data-end=\"2728\">Marina Baldina<\/strong><\/p>\n<\/li>\n<\/ul>\n<p data-start=\"2730\" data-end=\"2842\">Congratulations to all selected participants!<\/p>\n<p>[\/et_pb_text][\/et_pb_column][\/et_pb_row][\/et_pb_section]<\/p>\n","protected":false},"excerpt":{"rendered":"<p>The selected projects for Open Panor\u00e0mic 2025 \u2014 the open call for national and international creators, which this year focuses on the theme \u201cBreak. Towards a new visual order\u201d \u2014 [&hellip;]<\/p>\n","protected":false},"author":1,"featured_media":38179,"comment_status":"closed","ping_status":"open","sticky":false,"template":"","format":"standard","meta":{"_et_pb_use_builder":"on","_et_pb_old_content":"","_et_gb_content_width":"","footnotes":""},"categories":[3],"tags":[],"class_list":["post-38165","post","type-post","status-publish","format-standard","has-post-thumbnail","hentry","category-uncategorized"],"yoast_head":"<!-- This site is optimized with the Yoast SEO plugin v27.2 - https:\/\/yoast.com\/product\/yoast-seo-wordpress\/ -->\n<title>Selected projects for Open Panor\u00e0mic 2025 - Festival Panor\u00e0mic<\/title>\n<meta name=\"robots\" content=\"index, follow, max-snippet:-1, max-image-preview:large, max-video-preview:-1\" \/>\n<link rel=\"canonical\" href=\"https:\/\/festivalpanoramic.cat\/en\/2025\/07\/31\/selected-projects-for-open-panoramic-2025\/\" \/>\n<meta property=\"og:locale\" content=\"en_US\" \/>\n<meta property=\"og:type\" content=\"article\" \/>\n<meta property=\"og:title\" content=\"Selected projects for Open Panor\u00e0mic 2025 - Festival Panor\u00e0mic\" \/>\n<meta property=\"og:description\" content=\"The selected projects for Open Panor\u00e0mic 2025 \u2014 the open call for national and international creators, which this year focuses on the theme \u201cBreak. Towards a new visual order\u201d \u2014 [&hellip;]\" \/>\n<meta property=\"og:url\" content=\"https:\/\/festivalpanoramic.cat\/en\/2025\/07\/31\/selected-projects-for-open-panoramic-2025\/\" \/>\n<meta property=\"og:site_name\" content=\"Festival Panor\u00e0mic\" \/>\n<meta property=\"article:published_time\" content=\"2025-07-31T15:35:53+00:00\" \/>\n<meta property=\"article:modified_time\" content=\"2025-07-31T16:05:34+00:00\" \/>\n<meta property=\"og:image\" content=\"https:\/\/festivalpanoramic.cat\/wp-content\/uploads\/2025\/07\/seleccionats_open_panoramic-1.png\" \/>\n\t<meta property=\"og:image:width\" content=\"1007\" \/>\n\t<meta property=\"og:image:height\" content=\"671\" \/>\n\t<meta property=\"og:image:type\" content=\"image\/png\" \/>\n<meta name=\"author\" content=\"fpAdmin\" \/>\n<meta name=\"twitter:card\" content=\"summary_large_image\" \/>\n<meta name=\"twitter:label1\" content=\"Written by\" \/>\n\t<meta name=\"twitter:data1\" content=\"fpAdmin\" \/>\n\t<meta name=\"twitter:label2\" content=\"Est. reading time\" \/>\n\t<meta name=\"twitter:data2\" content=\"2 minutes\" \/>\n<script type=\"application\/ld+json\" class=\"yoast-schema-graph\">{\"@context\":\"https:\/\/schema.org\",\"@graph\":[{\"@type\":\"Article\",\"@id\":\"https:\/\/festivalpanoramic.cat\/en\/2025\/07\/31\/selected-projects-for-open-panoramic-2025\/#article\",\"isPartOf\":{\"@id\":\"https:\/\/festivalpanoramic.cat\/en\/2025\/07\/31\/selected-projects-for-open-panoramic-2025\/\"},\"author\":{\"name\":\"fpAdmin\",\"@id\":\"https:\/\/festivalpanoramic.cat\/en\/#\/schema\/person\/4fedd067704e1f7dea1f7c1da1e05afb\"},\"headline\":\"Selected projects for Open Panor\u00e0mic 2025\",\"datePublished\":\"2025-07-31T15:35:53+00:00\",\"dateModified\":\"2025-07-31T16:05:34+00:00\",\"mainEntityOfPage\":{\"@id\":\"https:\/\/festivalpanoramic.cat\/en\/2025\/07\/31\/selected-projects-for-open-panoramic-2025\/\"},\"wordCount\":236,\"image\":{\"@id\":\"https:\/\/festivalpanoramic.cat\/en\/2025\/07\/31\/selected-projects-for-open-panoramic-2025\/#primaryimage\"},\"thumbnailUrl\":\"https:\/\/festivalpanoramic.cat\/wp-content\/uploads\/2025\/07\/seleccionats_open_panoramic-1.png\",\"inLanguage\":\"en-US\"},{\"@type\":\"WebPage\",\"@id\":\"https:\/\/festivalpanoramic.cat\/en\/2025\/07\/31\/selected-projects-for-open-panoramic-2025\/\",\"url\":\"https:\/\/festivalpanoramic.cat\/en\/2025\/07\/31\/selected-projects-for-open-panoramic-2025\/\",\"name\":\"Selected projects for Open Panor\u00e0mic 2025 - Festival Panor\u00e0mic\",\"isPartOf\":{\"@id\":\"https:\/\/festivalpanoramic.cat\/en\/#website\"},\"primaryImageOfPage\":{\"@id\":\"https:\/\/festivalpanoramic.cat\/en\/2025\/07\/31\/selected-projects-for-open-panoramic-2025\/#primaryimage\"},\"image\":{\"@id\":\"https:\/\/festivalpanoramic.cat\/en\/2025\/07\/31\/selected-projects-for-open-panoramic-2025\/#primaryimage\"},\"thumbnailUrl\":\"https:\/\/festivalpanoramic.cat\/wp-content\/uploads\/2025\/07\/seleccionats_open_panoramic-1.png\",\"datePublished\":\"2025-07-31T15:35:53+00:00\",\"dateModified\":\"2025-07-31T16:05:34+00:00\",\"author\":{\"@id\":\"https:\/\/festivalpanoramic.cat\/en\/#\/schema\/person\/4fedd067704e1f7dea1f7c1da1e05afb\"},\"breadcrumb\":{\"@id\":\"https:\/\/festivalpanoramic.cat\/en\/2025\/07\/31\/selected-projects-for-open-panoramic-2025\/#breadcrumb\"},\"inLanguage\":\"en-US\",\"potentialAction\":[{\"@type\":\"ReadAction\",\"target\":[\"https:\/\/festivalpanoramic.cat\/en\/2025\/07\/31\/selected-projects-for-open-panoramic-2025\/\"]}]},{\"@type\":\"ImageObject\",\"inLanguage\":\"en-US\",\"@id\":\"https:\/\/festivalpanoramic.cat\/en\/2025\/07\/31\/selected-projects-for-open-panoramic-2025\/#primaryimage\",\"url\":\"https:\/\/festivalpanoramic.cat\/wp-content\/uploads\/2025\/07\/seleccionats_open_panoramic-1.png\",\"contentUrl\":\"https:\/\/festivalpanoramic.cat\/wp-content\/uploads\/2025\/07\/seleccionats_open_panoramic-1.png\",\"width\":1007,\"height\":671},{\"@type\":\"BreadcrumbList\",\"@id\":\"https:\/\/festivalpanoramic.cat\/en\/2025\/07\/31\/selected-projects-for-open-panoramic-2025\/#breadcrumb\",\"itemListElement\":[{\"@type\":\"ListItem\",\"position\":1,\"name\":\"Inici\",\"item\":\"https:\/\/festivalpanoramic.cat\/en\/\"},{\"@type\":\"ListItem\",\"position\":2,\"name\":\"Selected projects for Open Panor\u00e0mic 2025\"}]},{\"@type\":\"WebSite\",\"@id\":\"https:\/\/festivalpanoramic.cat\/en\/#website\",\"url\":\"https:\/\/festivalpanoramic.cat\/en\/\",\"name\":\"Festival Panor\u00e0mic\",\"description\":\"PANOR\u00c0MIC. ARTS I CULTURES VISUALS\",\"potentialAction\":[{\"@type\":\"SearchAction\",\"target\":{\"@type\":\"EntryPoint\",\"urlTemplate\":\"https:\/\/festivalpanoramic.cat\/en\/?s={search_term_string}\"},\"query-input\":{\"@type\":\"PropertyValueSpecification\",\"valueRequired\":true,\"valueName\":\"search_term_string\"}}],\"inLanguage\":\"en-US\"},{\"@type\":\"Person\",\"@id\":\"https:\/\/festivalpanoramic.cat\/en\/#\/schema\/person\/4fedd067704e1f7dea1f7c1da1e05afb\",\"name\":\"fpAdmin\",\"image\":{\"@type\":\"ImageObject\",\"inLanguage\":\"en-US\",\"@id\":\"https:\/\/secure.gravatar.com\/avatar\/d774f42844dafaefadd21a5a11b851453c1cfcafd671ecd234ea8a21887b2f7e?s=96&d=mm&r=g\",\"url\":\"https:\/\/secure.gravatar.com\/avatar\/d774f42844dafaefadd21a5a11b851453c1cfcafd671ecd234ea8a21887b2f7e?s=96&d=mm&r=g\",\"contentUrl\":\"https:\/\/secure.gravatar.com\/avatar\/d774f42844dafaefadd21a5a11b851453c1cfcafd671ecd234ea8a21887b2f7e?s=96&d=mm&r=g\",\"caption\":\"fpAdmin\"},\"sameAs\":[\"https:\/\/festivalpanoramic.cat\"],\"url\":\"https:\/\/festivalpanoramic.cat\/en\/author\/fpadmin\/\"}]}<\/script>\n<!-- \/ Yoast SEO plugin. -->","yoast_head_json":{"title":"Selected projects for Open Panor\u00e0mic 2025 - Festival Panor\u00e0mic","robots":{"index":"index","follow":"follow","max-snippet":"max-snippet:-1","max-image-preview":"max-image-preview:large","max-video-preview":"max-video-preview:-1"},"canonical":"https:\/\/festivalpanoramic.cat\/en\/2025\/07\/31\/selected-projects-for-open-panoramic-2025\/","og_locale":"en_US","og_type":"article","og_title":"Selected projects for Open Panor\u00e0mic 2025 - Festival Panor\u00e0mic","og_description":"The selected projects for Open Panor\u00e0mic 2025 \u2014 the open call for national and international creators, which this year focuses on the theme \u201cBreak. Towards a new visual order\u201d \u2014 [&hellip;]","og_url":"https:\/\/festivalpanoramic.cat\/en\/2025\/07\/31\/selected-projects-for-open-panoramic-2025\/","og_site_name":"Festival Panor\u00e0mic","article_published_time":"2025-07-31T15:35:53+00:00","article_modified_time":"2025-07-31T16:05:34+00:00","og_image":[{"width":1007,"height":671,"url":"https:\/\/festivalpanoramic.cat\/wp-content\/uploads\/2025\/07\/seleccionats_open_panoramic-1.png","type":"image\/png"}],"author":"fpAdmin","twitter_card":"summary_large_image","twitter_misc":{"Written by":"fpAdmin","Est. reading time":"2 minutes"},"schema":{"@context":"https:\/\/schema.org","@graph":[{"@type":"Article","@id":"https:\/\/festivalpanoramic.cat\/en\/2025\/07\/31\/selected-projects-for-open-panoramic-2025\/#article","isPartOf":{"@id":"https:\/\/festivalpanoramic.cat\/en\/2025\/07\/31\/selected-projects-for-open-panoramic-2025\/"},"author":{"name":"fpAdmin","@id":"https:\/\/festivalpanoramic.cat\/en\/#\/schema\/person\/4fedd067704e1f7dea1f7c1da1e05afb"},"headline":"Selected projects for Open Panor\u00e0mic 2025","datePublished":"2025-07-31T15:35:53+00:00","dateModified":"2025-07-31T16:05:34+00:00","mainEntityOfPage":{"@id":"https:\/\/festivalpanoramic.cat\/en\/2025\/07\/31\/selected-projects-for-open-panoramic-2025\/"},"wordCount":236,"image":{"@id":"https:\/\/festivalpanoramic.cat\/en\/2025\/07\/31\/selected-projects-for-open-panoramic-2025\/#primaryimage"},"thumbnailUrl":"https:\/\/festivalpanoramic.cat\/wp-content\/uploads\/2025\/07\/seleccionats_open_panoramic-1.png","inLanguage":"en-US"},{"@type":"WebPage","@id":"https:\/\/festivalpanoramic.cat\/en\/2025\/07\/31\/selected-projects-for-open-panoramic-2025\/","url":"https:\/\/festivalpanoramic.cat\/en\/2025\/07\/31\/selected-projects-for-open-panoramic-2025\/","name":"Selected projects for Open Panor\u00e0mic 2025 - Festival Panor\u00e0mic","isPartOf":{"@id":"https:\/\/festivalpanoramic.cat\/en\/#website"},"primaryImageOfPage":{"@id":"https:\/\/festivalpanoramic.cat\/en\/2025\/07\/31\/selected-projects-for-open-panoramic-2025\/#primaryimage"},"image":{"@id":"https:\/\/festivalpanoramic.cat\/en\/2025\/07\/31\/selected-projects-for-open-panoramic-2025\/#primaryimage"},"thumbnailUrl":"https:\/\/festivalpanoramic.cat\/wp-content\/uploads\/2025\/07\/seleccionats_open_panoramic-1.png","datePublished":"2025-07-31T15:35:53+00:00","dateModified":"2025-07-31T16:05:34+00:00","author":{"@id":"https:\/\/festivalpanoramic.cat\/en\/#\/schema\/person\/4fedd067704e1f7dea1f7c1da1e05afb"},"breadcrumb":{"@id":"https:\/\/festivalpanoramic.cat\/en\/2025\/07\/31\/selected-projects-for-open-panoramic-2025\/#breadcrumb"},"inLanguage":"en-US","potentialAction":[{"@type":"ReadAction","target":["https:\/\/festivalpanoramic.cat\/en\/2025\/07\/31\/selected-projects-for-open-panoramic-2025\/"]}]},{"@type":"ImageObject","inLanguage":"en-US","@id":"https:\/\/festivalpanoramic.cat\/en\/2025\/07\/31\/selected-projects-for-open-panoramic-2025\/#primaryimage","url":"https:\/\/festivalpanoramic.cat\/wp-content\/uploads\/2025\/07\/seleccionats_open_panoramic-1.png","contentUrl":"https:\/\/festivalpanoramic.cat\/wp-content\/uploads\/2025\/07\/seleccionats_open_panoramic-1.png","width":1007,"height":671},{"@type":"BreadcrumbList","@id":"https:\/\/festivalpanoramic.cat\/en\/2025\/07\/31\/selected-projects-for-open-panoramic-2025\/#breadcrumb","itemListElement":[{"@type":"ListItem","position":1,"name":"Inici","item":"https:\/\/festivalpanoramic.cat\/en\/"},{"@type":"ListItem","position":2,"name":"Selected projects for Open Panor\u00e0mic 2025"}]},{"@type":"WebSite","@id":"https:\/\/festivalpanoramic.cat\/en\/#website","url":"https:\/\/festivalpanoramic.cat\/en\/","name":"Festival Panor\u00e0mic","description":"PANOR\u00c0MIC. ARTS I CULTURES VISUALS","potentialAction":[{"@type":"SearchAction","target":{"@type":"EntryPoint","urlTemplate":"https:\/\/festivalpanoramic.cat\/en\/?s={search_term_string}"},"query-input":{"@type":"PropertyValueSpecification","valueRequired":true,"valueName":"search_term_string"}}],"inLanguage":"en-US"},{"@type":"Person","@id":"https:\/\/festivalpanoramic.cat\/en\/#\/schema\/person\/4fedd067704e1f7dea1f7c1da1e05afb","name":"fpAdmin","image":{"@type":"ImageObject","inLanguage":"en-US","@id":"https:\/\/secure.gravatar.com\/avatar\/d774f42844dafaefadd21a5a11b851453c1cfcafd671ecd234ea8a21887b2f7e?s=96&d=mm&r=g","url":"https:\/\/secure.gravatar.com\/avatar\/d774f42844dafaefadd21a5a11b851453c1cfcafd671ecd234ea8a21887b2f7e?s=96&d=mm&r=g","contentUrl":"https:\/\/secure.gravatar.com\/avatar\/d774f42844dafaefadd21a5a11b851453c1cfcafd671ecd234ea8a21887b2f7e?s=96&d=mm&r=g","caption":"fpAdmin"},"sameAs":["https:\/\/festivalpanoramic.cat"],"url":"https:\/\/festivalpanoramic.cat\/en\/author\/fpadmin\/"}]}},"_links":{"self":[{"href":"https:\/\/festivalpanoramic.cat\/en\/wp-json\/wp\/v2\/posts\/38165","targetHints":{"allow":["GET"]}}],"collection":[{"href":"https:\/\/festivalpanoramic.cat\/en\/wp-json\/wp\/v2\/posts"}],"about":[{"href":"https:\/\/festivalpanoramic.cat\/en\/wp-json\/wp\/v2\/types\/post"}],"author":[{"embeddable":true,"href":"https:\/\/festivalpanoramic.cat\/en\/wp-json\/wp\/v2\/users\/1"}],"replies":[{"embeddable":true,"href":"https:\/\/festivalpanoramic.cat\/en\/wp-json\/wp\/v2\/comments?post=38165"}],"version-history":[{"count":6,"href":"https:\/\/festivalpanoramic.cat\/en\/wp-json\/wp\/v2\/posts\/38165\/revisions"}],"predecessor-version":[{"id":38184,"href":"https:\/\/festivalpanoramic.cat\/en\/wp-json\/wp\/v2\/posts\/38165\/revisions\/38184"}],"wp:featuredmedia":[{"embeddable":true,"href":"https:\/\/festivalpanoramic.cat\/en\/wp-json\/wp\/v2\/media\/38179"}],"wp:attachment":[{"href":"https:\/\/festivalpanoramic.cat\/en\/wp-json\/wp\/v2\/media?parent=38165"}],"wp:term":[{"taxonomy":"category","embeddable":true,"href":"https:\/\/festivalpanoramic.cat\/en\/wp-json\/wp\/v2\/categories?post=38165"},{"taxonomy":"post_tag","embeddable":true,"href":"https:\/\/festivalpanoramic.cat\/en\/wp-json\/wp\/v2\/tags?post=38165"}],"curies":[{"name":"wp","href":"https:\/\/api.w.org\/{rel}","templated":true}]}}