{"id":42691,"date":"2026-04-28T16:26:17","date_gmt":"2026-04-28T14:26:17","guid":{"rendered":"https:\/\/festivalpanoramic.cat\/?p=42691"},"modified":"2026-04-28T16:34:20","modified_gmt":"2026-04-28T14:34:20","slug":"panoramic-expands-vic-new-venue","status":"publish","type":"post","link":"https:\/\/festivalpanoramic.cat\/en\/2026\/04\/28\/panoramic-expands-vic-new-venue\/","title":{"rendered":"Panor\u00e0mic expands: Vic joins as a new venue for the 10th edition"},"content":{"rendered":"<p>[et_pb_section fb_built=&#8221;1&#8243; _builder_version=&#8221;4.27.6&#8243; _module_preset=&#8221;default&#8221; locked=&#8221;off&#8221; global_colors_info=&#8221;{}&#8221;][et_pb_row _builder_version=&#8221;4.27.6&#8243; _module_preset=&#8221;default&#8221; global_colors_info=&#8221;{}&#8221;][et_pb_column type=&#8221;4_4&#8243; _builder_version=&#8221;4.27.6&#8243; _module_preset=&#8221;default&#8221; global_colors_info=&#8221;{}&#8221;][et_pb_text _builder_version=&#8221;4.27.6&#8243; _module_preset=&#8221;default&#8221; text_font_size=&#8221;20px&#8221; hover_enabled=&#8221;0&#8243; global_colors_info=&#8221;{}&#8221; sticky_enabled=&#8221;0&#8243;]<\/p>\n<p>In 2026, Panor\u00e0mic celebrates its tenth edition, continuing to grow and expand its presence across the region. This year, we are especially pleased to announce the addition of Vic as a new festival venue, joining the established locations of Granollers, Barcelona and Terrassa.<\/p>\n<p>With this expansion, Panor\u00e0mic reinforces its commitment to decentralising and democratising access to culture, building stronger connections between territories and bringing contemporary creation closer to new audiences and contexts. In doing so, the festival continues to shape a shared cultural ecosystem that connects institutions, artists and communities through reflection on contemporary image-making and its many forms of expression.<\/p>\n<p>The addition of Vic marks a new step in this journey and creates new opportunities for dialogue with the local context. With its strong cultural tradition and vibrant artistic scene, the city offers an ideal setting to further develop the festival\u2019s lines of work and foster new collaborations with local agents, cultural spaces and diverse audiences.<\/p>\n<p>In Vic, the programme will take place at Centre Cultural Joan Triad\u00fa, which will become a meeting point for reflection and experimentation around contemporary image-making. The programme will include an exhibition, along with a range of activities and workshops designed for different audiences, with the aim of encouraging participation, critical thinking and stronger connections between artistic creation and the community.<\/p>\n<p>This new venue is part of a particularly meaningful edition for the festival, which celebrates ten years of establishing itself as a leading platform for exploring the relationship between cinema, photography and new forms of contemporary visual culture. Panor\u00e0mic continues to champion an open, accessible and present-day culture that remains closely connected to society.<\/p>\n<p>[\/et_pb_text][\/et_pb_column][\/et_pb_row][\/et_pb_section]<\/p>\n","protected":false},"excerpt":{"rendered":"<p>In 2026, Panor\u00e0mic celebrates its tenth edition, continuing to grow and expand its presence across the region. This year, we are especially pleased to announce the addition of Vic as [&hellip;]<\/p>\n","protected":false},"author":1,"featured_media":42690,"comment_status":"closed","ping_status":"closed","sticky":false,"template":"","format":"standard","meta":{"_et_pb_use_builder":"on","_et_pb_old_content":"","_et_gb_content_width":"","footnotes":""},"categories":[3],"tags":[],"class_list":["post-42691","post","type-post","status-publish","format-standard","has-post-thumbnail","hentry","category-uncategorized"],"yoast_head":"<!-- This site is optimized with the Yoast SEO plugin v27.2 - https:\/\/yoast.com\/product\/yoast-seo-wordpress\/ -->\n<title>Panor\u00e0mic expands: Vic joins as a new venue for the 10th edition - Festival Panor\u00e0mic<\/title>\n<meta name=\"robots\" content=\"index, follow, max-snippet:-1, max-image-preview:large, max-video-preview:-1\" \/>\n<link rel=\"canonical\" href=\"https:\/\/festivalpanoramic.cat\/en\/2026\/04\/28\/panoramic-expands-vic-new-venue\/\" \/>\n<meta property=\"og:locale\" content=\"en_US\" \/>\n<meta property=\"og:type\" content=\"article\" \/>\n<meta property=\"og:title\" content=\"Panor\u00e0mic expands: Vic joins as a new venue for the 10th edition - Festival Panor\u00e0mic\" \/>\n<meta property=\"og:description\" content=\"In 2026, Panor\u00e0mic celebrates its tenth edition, continuing to grow and expand its presence across the region. This year, we are especially pleased to announce the addition of Vic as [&hellip;]\" \/>\n<meta property=\"og:url\" content=\"https:\/\/festivalpanoramic.cat\/en\/2026\/04\/28\/panoramic-expands-vic-new-venue\/\" \/>\n<meta property=\"og:site_name\" content=\"Festival Panor\u00e0mic\" \/>\n<meta property=\"article:published_time\" content=\"2026-04-28T14:26:17+00:00\" \/>\n<meta property=\"article:modified_time\" content=\"2026-04-28T14:34:20+00:00\" \/>\n<meta property=\"og:image\" content=\"https:\/\/festivalpanoramic.cat\/wp-content\/uploads\/2026\/04\/img_web_Vic.png\" \/>\n\t<meta property=\"og:image:width\" content=\"1007\" \/>\n\t<meta property=\"og:image:height\" content=\"671\" \/>\n\t<meta property=\"og:image:type\" content=\"image\/png\" \/>\n<meta name=\"author\" content=\"fpAdmin\" \/>\n<meta name=\"twitter:card\" content=\"summary_large_image\" \/>\n<meta name=\"twitter:label1\" content=\"Written by\" \/>\n\t<meta name=\"twitter:data1\" content=\"fpAdmin\" \/>\n\t<meta name=\"twitter:label2\" content=\"Est. reading time\" \/>\n\t<meta name=\"twitter:data2\" content=\"2 minutes\" \/>\n<script type=\"application\/ld+json\" class=\"yoast-schema-graph\">{\"@context\":\"https:\/\/schema.org\",\"@graph\":[{\"@type\":\"Article\",\"@id\":\"https:\/\/festivalpanoramic.cat\/en\/2026\/04\/28\/panoramic-expands-vic-new-venue\/#article\",\"isPartOf\":{\"@id\":\"https:\/\/festivalpanoramic.cat\/en\/2026\/04\/28\/panoramic-expands-vic-new-venue\/\"},\"author\":{\"name\":\"fpAdmin\",\"@id\":\"https:\/\/festivalpanoramic.cat\/en\/#\/schema\/person\/4fedd067704e1f7dea1f7c1da1e05afb\"},\"headline\":\"Panor\u00e0mic expands: Vic joins as a new venue for the 10th edition\",\"datePublished\":\"2026-04-28T14:26:17+00:00\",\"dateModified\":\"2026-04-28T14:34:20+00:00\",\"mainEntityOfPage\":{\"@id\":\"https:\/\/festivalpanoramic.cat\/en\/2026\/04\/28\/panoramic-expands-vic-new-venue\/\"},\"wordCount\":356,\"image\":{\"@id\":\"https:\/\/festivalpanoramic.cat\/en\/2026\/04\/28\/panoramic-expands-vic-new-venue\/#primaryimage\"},\"thumbnailUrl\":\"https:\/\/festivalpanoramic.cat\/wp-content\/uploads\/2026\/04\/img_web_Vic.png\",\"inLanguage\":\"en-US\"},{\"@type\":\"WebPage\",\"@id\":\"https:\/\/festivalpanoramic.cat\/en\/2026\/04\/28\/panoramic-expands-vic-new-venue\/\",\"url\":\"https:\/\/festivalpanoramic.cat\/en\/2026\/04\/28\/panoramic-expands-vic-new-venue\/\",\"name\":\"Panor\u00e0mic expands: Vic joins as a new venue for the 10th edition - Festival Panor\u00e0mic\",\"isPartOf\":{\"@id\":\"https:\/\/festivalpanoramic.cat\/en\/#website\"},\"primaryImageOfPage\":{\"@id\":\"https:\/\/festivalpanoramic.cat\/en\/2026\/04\/28\/panoramic-expands-vic-new-venue\/#primaryimage\"},\"image\":{\"@id\":\"https:\/\/festivalpanoramic.cat\/en\/2026\/04\/28\/panoramic-expands-vic-new-venue\/#primaryimage\"},\"thumbnailUrl\":\"https:\/\/festivalpanoramic.cat\/wp-content\/uploads\/2026\/04\/img_web_Vic.png\",\"datePublished\":\"2026-04-28T14:26:17+00:00\",\"dateModified\":\"2026-04-28T14:34:20+00:00\",\"author\":{\"@id\":\"https:\/\/festivalpanoramic.cat\/en\/#\/schema\/person\/4fedd067704e1f7dea1f7c1da1e05afb\"},\"breadcrumb\":{\"@id\":\"https:\/\/festivalpanoramic.cat\/en\/2026\/04\/28\/panoramic-expands-vic-new-venue\/#breadcrumb\"},\"inLanguage\":\"en-US\",\"potentialAction\":[{\"@type\":\"ReadAction\",\"target\":[\"https:\/\/festivalpanoramic.cat\/en\/2026\/04\/28\/panoramic-expands-vic-new-venue\/\"]}]},{\"@type\":\"ImageObject\",\"inLanguage\":\"en-US\",\"@id\":\"https:\/\/festivalpanoramic.cat\/en\/2026\/04\/28\/panoramic-expands-vic-new-venue\/#primaryimage\",\"url\":\"https:\/\/festivalpanoramic.cat\/wp-content\/uploads\/2026\/04\/img_web_Vic.png\",\"contentUrl\":\"https:\/\/festivalpanoramic.cat\/wp-content\/uploads\/2026\/04\/img_web_Vic.png\",\"width\":1007,\"height\":671},{\"@type\":\"BreadcrumbList\",\"@id\":\"https:\/\/festivalpanoramic.cat\/en\/2026\/04\/28\/panoramic-expands-vic-new-venue\/#breadcrumb\",\"itemListElement\":[{\"@type\":\"ListItem\",\"position\":1,\"name\":\"Inici\",\"item\":\"https:\/\/festivalpanoramic.cat\/en\/\"},{\"@type\":\"ListItem\",\"position\":2,\"name\":\"Panor\u00e0mic expands: Vic joins as a new venue for the 10th edition\"}]},{\"@type\":\"WebSite\",\"@id\":\"https:\/\/festivalpanoramic.cat\/en\/#website\",\"url\":\"https:\/\/festivalpanoramic.cat\/en\/\",\"name\":\"Festival Panor\u00e0mic\",\"description\":\"PANOR\u00c0MIC. ARTS I CULTURES VISUALS\",\"potentialAction\":[{\"@type\":\"SearchAction\",\"target\":{\"@type\":\"EntryPoint\",\"urlTemplate\":\"https:\/\/festivalpanoramic.cat\/en\/?s={search_term_string}\"},\"query-input\":{\"@type\":\"PropertyValueSpecification\",\"valueRequired\":true,\"valueName\":\"search_term_string\"}}],\"inLanguage\":\"en-US\"},{\"@type\":\"Person\",\"@id\":\"https:\/\/festivalpanoramic.cat\/en\/#\/schema\/person\/4fedd067704e1f7dea1f7c1da1e05afb\",\"name\":\"fpAdmin\",\"image\":{\"@type\":\"ImageObject\",\"inLanguage\":\"en-US\",\"@id\":\"https:\/\/secure.gravatar.com\/avatar\/d774f42844dafaefadd21a5a11b851453c1cfcafd671ecd234ea8a21887b2f7e?s=96&d=mm&r=g\",\"url\":\"https:\/\/secure.gravatar.com\/avatar\/d774f42844dafaefadd21a5a11b851453c1cfcafd671ecd234ea8a21887b2f7e?s=96&d=mm&r=g\",\"contentUrl\":\"https:\/\/secure.gravatar.com\/avatar\/d774f42844dafaefadd21a5a11b851453c1cfcafd671ecd234ea8a21887b2f7e?s=96&d=mm&r=g\",\"caption\":\"fpAdmin\"},\"sameAs\":[\"https:\/\/festivalpanoramic.cat\"],\"url\":\"https:\/\/festivalpanoramic.cat\/en\/author\/fpadmin\/\"}]}<\/script>\n<!-- \/ Yoast SEO plugin. -->","yoast_head_json":{"title":"Panor\u00e0mic expands: Vic joins as a new venue for the 10th edition - Festival Panor\u00e0mic","robots":{"index":"index","follow":"follow","max-snippet":"max-snippet:-1","max-image-preview":"max-image-preview:large","max-video-preview":"max-video-preview:-1"},"canonical":"https:\/\/festivalpanoramic.cat\/en\/2026\/04\/28\/panoramic-expands-vic-new-venue\/","og_locale":"en_US","og_type":"article","og_title":"Panor\u00e0mic expands: Vic joins as a new venue for the 10th edition - Festival Panor\u00e0mic","og_description":"In 2026, Panor\u00e0mic celebrates its tenth edition, continuing to grow and expand its presence across the region. This year, we are especially pleased to announce the addition of Vic as [&hellip;]","og_url":"https:\/\/festivalpanoramic.cat\/en\/2026\/04\/28\/panoramic-expands-vic-new-venue\/","og_site_name":"Festival Panor\u00e0mic","article_published_time":"2026-04-28T14:26:17+00:00","article_modified_time":"2026-04-28T14:34:20+00:00","og_image":[{"width":1007,"height":671,"url":"https:\/\/festivalpanoramic.cat\/wp-content\/uploads\/2026\/04\/img_web_Vic.png","type":"image\/png"}],"author":"fpAdmin","twitter_card":"summary_large_image","twitter_misc":{"Written by":"fpAdmin","Est. reading time":"2 minutes"},"schema":{"@context":"https:\/\/schema.org","@graph":[{"@type":"Article","@id":"https:\/\/festivalpanoramic.cat\/en\/2026\/04\/28\/panoramic-expands-vic-new-venue\/#article","isPartOf":{"@id":"https:\/\/festivalpanoramic.cat\/en\/2026\/04\/28\/panoramic-expands-vic-new-venue\/"},"author":{"name":"fpAdmin","@id":"https:\/\/festivalpanoramic.cat\/en\/#\/schema\/person\/4fedd067704e1f7dea1f7c1da1e05afb"},"headline":"Panor\u00e0mic expands: Vic joins as a new venue for the 10th edition","datePublished":"2026-04-28T14:26:17+00:00","dateModified":"2026-04-28T14:34:20+00:00","mainEntityOfPage":{"@id":"https:\/\/festivalpanoramic.cat\/en\/2026\/04\/28\/panoramic-expands-vic-new-venue\/"},"wordCount":356,"image":{"@id":"https:\/\/festivalpanoramic.cat\/en\/2026\/04\/28\/panoramic-expands-vic-new-venue\/#primaryimage"},"thumbnailUrl":"https:\/\/festivalpanoramic.cat\/wp-content\/uploads\/2026\/04\/img_web_Vic.png","inLanguage":"en-US"},{"@type":"WebPage","@id":"https:\/\/festivalpanoramic.cat\/en\/2026\/04\/28\/panoramic-expands-vic-new-venue\/","url":"https:\/\/festivalpanoramic.cat\/en\/2026\/04\/28\/panoramic-expands-vic-new-venue\/","name":"Panor\u00e0mic expands: Vic joins as a new venue for the 10th edition - Festival Panor\u00e0mic","isPartOf":{"@id":"https:\/\/festivalpanoramic.cat\/en\/#website"},"primaryImageOfPage":{"@id":"https:\/\/festivalpanoramic.cat\/en\/2026\/04\/28\/panoramic-expands-vic-new-venue\/#primaryimage"},"image":{"@id":"https:\/\/festivalpanoramic.cat\/en\/2026\/04\/28\/panoramic-expands-vic-new-venue\/#primaryimage"},"thumbnailUrl":"https:\/\/festivalpanoramic.cat\/wp-content\/uploads\/2026\/04\/img_web_Vic.png","datePublished":"2026-04-28T14:26:17+00:00","dateModified":"2026-04-28T14:34:20+00:00","author":{"@id":"https:\/\/festivalpanoramic.cat\/en\/#\/schema\/person\/4fedd067704e1f7dea1f7c1da1e05afb"},"breadcrumb":{"@id":"https:\/\/festivalpanoramic.cat\/en\/2026\/04\/28\/panoramic-expands-vic-new-venue\/#breadcrumb"},"inLanguage":"en-US","potentialAction":[{"@type":"ReadAction","target":["https:\/\/festivalpanoramic.cat\/en\/2026\/04\/28\/panoramic-expands-vic-new-venue\/"]}]},{"@type":"ImageObject","inLanguage":"en-US","@id":"https:\/\/festivalpanoramic.cat\/en\/2026\/04\/28\/panoramic-expands-vic-new-venue\/#primaryimage","url":"https:\/\/festivalpanoramic.cat\/wp-content\/uploads\/2026\/04\/img_web_Vic.png","contentUrl":"https:\/\/festivalpanoramic.cat\/wp-content\/uploads\/2026\/04\/img_web_Vic.png","width":1007,"height":671},{"@type":"BreadcrumbList","@id":"https:\/\/festivalpanoramic.cat\/en\/2026\/04\/28\/panoramic-expands-vic-new-venue\/#breadcrumb","itemListElement":[{"@type":"ListItem","position":1,"name":"Inici","item":"https:\/\/festivalpanoramic.cat\/en\/"},{"@type":"ListItem","position":2,"name":"Panor\u00e0mic expands: Vic joins as a new venue for the 10th edition"}]},{"@type":"WebSite","@id":"https:\/\/festivalpanoramic.cat\/en\/#website","url":"https:\/\/festivalpanoramic.cat\/en\/","name":"Festival Panor\u00e0mic","description":"PANOR\u00c0MIC. ARTS I CULTURES VISUALS","potentialAction":[{"@type":"SearchAction","target":{"@type":"EntryPoint","urlTemplate":"https:\/\/festivalpanoramic.cat\/en\/?s={search_term_string}"},"query-input":{"@type":"PropertyValueSpecification","valueRequired":true,"valueName":"search_term_string"}}],"inLanguage":"en-US"},{"@type":"Person","@id":"https:\/\/festivalpanoramic.cat\/en\/#\/schema\/person\/4fedd067704e1f7dea1f7c1da1e05afb","name":"fpAdmin","image":{"@type":"ImageObject","inLanguage":"en-US","@id":"https:\/\/secure.gravatar.com\/avatar\/d774f42844dafaefadd21a5a11b851453c1cfcafd671ecd234ea8a21887b2f7e?s=96&d=mm&r=g","url":"https:\/\/secure.gravatar.com\/avatar\/d774f42844dafaefadd21a5a11b851453c1cfcafd671ecd234ea8a21887b2f7e?s=96&d=mm&r=g","contentUrl":"https:\/\/secure.gravatar.com\/avatar\/d774f42844dafaefadd21a5a11b851453c1cfcafd671ecd234ea8a21887b2f7e?s=96&d=mm&r=g","caption":"fpAdmin"},"sameAs":["https:\/\/festivalpanoramic.cat"],"url":"https:\/\/festivalpanoramic.cat\/en\/author\/fpadmin\/"}]}},"_links":{"self":[{"href":"https:\/\/festivalpanoramic.cat\/en\/wp-json\/wp\/v2\/posts\/42691","targetHints":{"allow":["GET"]}}],"collection":[{"href":"https:\/\/festivalpanoramic.cat\/en\/wp-json\/wp\/v2\/posts"}],"about":[{"href":"https:\/\/festivalpanoramic.cat\/en\/wp-json\/wp\/v2\/types\/post"}],"author":[{"embeddable":true,"href":"https:\/\/festivalpanoramic.cat\/en\/wp-json\/wp\/v2\/users\/1"}],"replies":[{"embeddable":true,"href":"https:\/\/festivalpanoramic.cat\/en\/wp-json\/wp\/v2\/comments?post=42691"}],"version-history":[{"count":3,"href":"https:\/\/festivalpanoramic.cat\/en\/wp-json\/wp\/v2\/posts\/42691\/revisions"}],"predecessor-version":[{"id":42695,"href":"https:\/\/festivalpanoramic.cat\/en\/wp-json\/wp\/v2\/posts\/42691\/revisions\/42695"}],"wp:featuredmedia":[{"embeddable":true,"href":"https:\/\/festivalpanoramic.cat\/en\/wp-json\/wp\/v2\/media\/42690"}],"wp:attachment":[{"href":"https:\/\/festivalpanoramic.cat\/en\/wp-json\/wp\/v2\/media?parent=42691"}],"wp:term":[{"taxonomy":"category","embeddable":true,"href":"https:\/\/festivalpanoramic.cat\/en\/wp-json\/wp\/v2\/categories?post=42691"},{"taxonomy":"post_tag","embeddable":true,"href":"https:\/\/festivalpanoramic.cat\/en\/wp-json\/wp\/v2\/tags?post=42691"}],"curies":[{"name":"wp","href":"https:\/\/api.w.org\/{rel}","templated":true}]}}