{"id":42223,"date":"2026-03-27T19:30:07","date_gmt":"2026-03-27T17:30:07","guid":{"rendered":"https:\/\/festivalpanoramic.cat\/?p=42223"},"modified":"2026-03-27T19:53:04","modified_gmt":"2026-03-27T17:53:04","slug":"memoria-2025","status":"publish","type":"post","link":"https:\/\/festivalpanoramic.cat\/es\/2026\/03\/27\/memoria-2025\/","title":{"rendered":"Memoria 2025"},"content":{"rendered":"<p>[et_pb_section fb_built=\u00bb1&#8243; theme_builder_area=\u00bbpost_content\u00bb _builder_version=\u00bb4.27.6&#8243; _module_preset=\u00bbdefault\u00bb][et_pb_row _builder_version=\u00bb4.27.6&#8243; _module_preset=\u00bbdefault\u00bb theme_builder_area=\u00bbpost_content\u00bb][et_pb_column _builder_version=\u00bb4.27.6&#8243; _module_preset=\u00bbdefault\u00bb type=\u00bb4_4&#8243; theme_builder_area=\u00bbpost_content\u00bb][et_pb_text _builder_version=\u00bb4.27.6&#8243; _module_preset=\u00bbdefault\u00bb theme_builder_area=\u00bbpost_content\u00bb hover_enabled=\u00bb0&#8243; sticky_enabled=\u00bb0&#8243; text_font_size=\u00bb20px\u00bb]<\/p>\n<p>El festival Panor\u00e0mic cierra su novena edici\u00f3n con una valoraci\u00f3n muy positiva, consolid\u00e1ndose como un proyecto cultural de referencia en el \u00e1mbito de la imagen y la cultura visual contempor\u00e1nea. Bajo el lema <em>Break. Un nuevo orden visual<\/em>, el festival ha propuesto una reflexi\u00f3n colectiva sobre los cambios acelerados que han marcado este primer cuarto de siglo, tanto desde el punto de vista tecnol\u00f3gico como social y cultural.<\/p>\n<p>Celebrado del 16 de octubre al 28 de diciembre de 2025, el festival ha desplegado su programaci\u00f3n en distintas sedes de Granollers, Barcelona y Terrassa, alcanzando una red de una veintena de espacios expositivos y culturales. La propuesta ha incluido cerca de 20 exposiciones y unas 70 actividades, entre talleres, proyecciones, jornadas profesionales y acciones educativas, reforzando su car\u00e1cter transversal y abierto a p\u00fablicos diversos.<\/p>\n<p>En total, el festival ha contado con la participaci\u00f3n de alrededor de 80 profesionales entre artistas, comisarios e investigadores, confirmando su alcance internacional y la diversidad de miradas que conforman el proyecto. Esta pluralidad ha permitido generar un di\u00e1logo rico en torno a la imagen como herramienta cr\u00edtica, capaz de cuestionar la realidad e imaginar nuevos relatos.<\/p>\n<p>En cuanto a la asistencia, Panor\u00e0mic ha registrado m\u00e1s de 33.000 visitantes, manteniendo la tendencia de crecimiento de los \u00faltimos a\u00f1os y evidenciando el inter\u00e9s sostenido del p\u00fablico por las propuestas del festival. A esta cifra se suma el impacto digital, con miles de visitas a la web y una presencia destacada en redes sociales, que han contribuido a ampliar el alcance del proyecto m\u00e1s all\u00e1 de los espacios f\u00edsicos.<\/p>\n<p>Uno de los aspectos m\u00e1s destacados de esta edici\u00f3n ha sido tambi\u00e9n el \u00e9xito del programa educativo, con la participaci\u00f3n de cientos de estudiantes y un notable incremento de centros implicados, reforzando el compromiso del festival con la formaci\u00f3n de nuevos p\u00fablicos y el fomento del pensamiento cr\u00edtico.<\/p>\n<p>Con estos resultados, Panor\u00e0mic reafirma su voluntad de ser un espacio de encuentro entre creaci\u00f3n, pensamiento y ciudadan\u00eda, capaz de interpelar el presente desde la cultura visual y de abrir nuevas preguntas sobre el futuro de las im\u00e1genes y su relaci\u00f3n con el mundo que construimos.<\/p>\n<p>[\/et_pb_text][\/et_pb_column][\/et_pb_row][\/et_pb_section]<\/p>\n","protected":false},"excerpt":{"rendered":"<p>El festival Panor\u00e0mic cierra su novena edici\u00f3n con una valoraci\u00f3n muy positiva, consolid\u00e1ndose como un proyecto cultural de referencia en el \u00e1mbito de la imagen y la cultura visual contempor\u00e1nea. [&hellip;]<\/p>\n","protected":false},"author":1,"featured_media":42222,"comment_status":"closed","ping_status":"closed","sticky":false,"template":"","format":"standard","meta":{"_et_pb_use_builder":"on","_et_pb_old_content":"","_et_gb_content_width":"","footnotes":""},"categories":[2],"tags":[],"class_list":["post-42223","post","type-post","status-publish","format-standard","has-post-thumbnail","hentry","category-sin-categorizar"],"yoast_head":"<!-- This site is optimized with the Yoast SEO plugin v27.2 - https:\/\/yoast.com\/product\/yoast-seo-wordpress\/ -->\n<title>Memoria 2025 - Festival Panor\u00e0mic<\/title>\n<meta name=\"robots\" content=\"index, follow, max-snippet:-1, max-image-preview:large, max-video-preview:-1\" \/>\n<link rel=\"canonical\" href=\"https:\/\/festivalpanoramic.cat\/es\/2026\/03\/27\/memoria-2025\/\" \/>\n<meta property=\"og:locale\" content=\"es_ES\" \/>\n<meta property=\"og:type\" content=\"article\" \/>\n<meta property=\"og:title\" content=\"Memoria 2025 - Festival Panor\u00e0mic\" \/>\n<meta property=\"og:description\" content=\"El festival Panor\u00e0mic cierra su novena edici\u00f3n con una valoraci\u00f3n muy positiva, consolid\u00e1ndose como un proyecto cultural de referencia en el \u00e1mbito de la imagen y la cultura visual contempor\u00e1nea. [&hellip;]\" \/>\n<meta property=\"og:url\" content=\"https:\/\/festivalpanoramic.cat\/es\/2026\/03\/27\/memoria-2025\/\" \/>\n<meta property=\"og:site_name\" content=\"Festival Panor\u00e0mic\" \/>\n<meta property=\"article:published_time\" content=\"2026-03-27T17:30:07+00:00\" \/>\n<meta property=\"article:modified_time\" content=\"2026-03-27T17:53:04+00:00\" \/>\n<meta property=\"og:image\" content=\"https:\/\/festivalpanoramic.cat\/wp-content\/uploads\/2026\/03\/memoria_new.png\" \/>\n\t<meta property=\"og:image:width\" content=\"1007\" \/>\n\t<meta property=\"og:image:height\" content=\"671\" \/>\n\t<meta property=\"og:image:type\" content=\"image\/png\" \/>\n<meta name=\"author\" content=\"fpAdmin\" \/>\n<meta name=\"twitter:card\" content=\"summary_large_image\" \/>\n<meta name=\"twitter:label1\" content=\"Escrito por\" \/>\n\t<meta name=\"twitter:data1\" content=\"fpAdmin\" \/>\n\t<meta name=\"twitter:label2\" content=\"Tiempo de lectura\" \/>\n\t<meta name=\"twitter:data2\" content=\"3 minutos\" \/>\n<script type=\"application\/ld+json\" class=\"yoast-schema-graph\">{\"@context\":\"https:\/\/schema.org\",\"@graph\":[{\"@type\":\"Article\",\"@id\":\"https:\/\/festivalpanoramic.cat\/es\/2026\/03\/27\/memoria-2025\/#article\",\"isPartOf\":{\"@id\":\"https:\/\/festivalpanoramic.cat\/es\/2026\/03\/27\/memoria-2025\/\"},\"author\":{\"name\":\"fpAdmin\",\"@id\":\"https:\/\/festivalpanoramic.cat\/es\/#\/schema\/person\/4fedd067704e1f7dea1f7c1da1e05afb\"},\"headline\":\"Memoria 2025\",\"datePublished\":\"2026-03-27T17:30:07+00:00\",\"dateModified\":\"2026-03-27T17:53:04+00:00\",\"mainEntityOfPage\":{\"@id\":\"https:\/\/festivalpanoramic.cat\/es\/2026\/03\/27\/memoria-2025\/\"},\"wordCount\":455,\"image\":{\"@id\":\"https:\/\/festivalpanoramic.cat\/es\/2026\/03\/27\/memoria-2025\/#primaryimage\"},\"thumbnailUrl\":\"https:\/\/festivalpanoramic.cat\/wp-content\/uploads\/2026\/03\/memoria_new.png\",\"articleSection\":[\"Sin categorizar\"],\"inLanguage\":\"es\"},{\"@type\":\"WebPage\",\"@id\":\"https:\/\/festivalpanoramic.cat\/es\/2026\/03\/27\/memoria-2025\/\",\"url\":\"https:\/\/festivalpanoramic.cat\/es\/2026\/03\/27\/memoria-2025\/\",\"name\":\"Memoria 2025 - Festival Panor\u00e0mic\",\"isPartOf\":{\"@id\":\"https:\/\/festivalpanoramic.cat\/es\/#website\"},\"primaryImageOfPage\":{\"@id\":\"https:\/\/festivalpanoramic.cat\/es\/2026\/03\/27\/memoria-2025\/#primaryimage\"},\"image\":{\"@id\":\"https:\/\/festivalpanoramic.cat\/es\/2026\/03\/27\/memoria-2025\/#primaryimage\"},\"thumbnailUrl\":\"https:\/\/festivalpanoramic.cat\/wp-content\/uploads\/2026\/03\/memoria_new.png\",\"datePublished\":\"2026-03-27T17:30:07+00:00\",\"dateModified\":\"2026-03-27T17:53:04+00:00\",\"author\":{\"@id\":\"https:\/\/festivalpanoramic.cat\/es\/#\/schema\/person\/4fedd067704e1f7dea1f7c1da1e05afb\"},\"breadcrumb\":{\"@id\":\"https:\/\/festivalpanoramic.cat\/es\/2026\/03\/27\/memoria-2025\/#breadcrumb\"},\"inLanguage\":\"es\",\"potentialAction\":[{\"@type\":\"ReadAction\",\"target\":[\"https:\/\/festivalpanoramic.cat\/es\/2026\/03\/27\/memoria-2025\/\"]}]},{\"@type\":\"ImageObject\",\"inLanguage\":\"es\",\"@id\":\"https:\/\/festivalpanoramic.cat\/es\/2026\/03\/27\/memoria-2025\/#primaryimage\",\"url\":\"https:\/\/festivalpanoramic.cat\/wp-content\/uploads\/2026\/03\/memoria_new.png\",\"contentUrl\":\"https:\/\/festivalpanoramic.cat\/wp-content\/uploads\/2026\/03\/memoria_new.png\",\"width\":1007,\"height\":671},{\"@type\":\"BreadcrumbList\",\"@id\":\"https:\/\/festivalpanoramic.cat\/es\/2026\/03\/27\/memoria-2025\/#breadcrumb\",\"itemListElement\":[{\"@type\":\"ListItem\",\"position\":1,\"name\":\"Inici\",\"item\":\"https:\/\/festivalpanoramic.cat\/es\/\"},{\"@type\":\"ListItem\",\"position\":2,\"name\":\"Memoria 2025\"}]},{\"@type\":\"WebSite\",\"@id\":\"https:\/\/festivalpanoramic.cat\/es\/#website\",\"url\":\"https:\/\/festivalpanoramic.cat\/es\/\",\"name\":\"Festival Panor\u00e0mic\",\"description\":\"PANOR\u00c0MIC. ARTS I CULTURES VISUALS\",\"potentialAction\":[{\"@type\":\"SearchAction\",\"target\":{\"@type\":\"EntryPoint\",\"urlTemplate\":\"https:\/\/festivalpanoramic.cat\/es\/?s={search_term_string}\"},\"query-input\":{\"@type\":\"PropertyValueSpecification\",\"valueRequired\":true,\"valueName\":\"search_term_string\"}}],\"inLanguage\":\"es\"},{\"@type\":\"Person\",\"@id\":\"https:\/\/festivalpanoramic.cat\/es\/#\/schema\/person\/4fedd067704e1f7dea1f7c1da1e05afb\",\"name\":\"fpAdmin\",\"image\":{\"@type\":\"ImageObject\",\"inLanguage\":\"es\",\"@id\":\"https:\/\/secure.gravatar.com\/avatar\/d774f42844dafaefadd21a5a11b851453c1cfcafd671ecd234ea8a21887b2f7e?s=96&d=mm&r=g\",\"url\":\"https:\/\/secure.gravatar.com\/avatar\/d774f42844dafaefadd21a5a11b851453c1cfcafd671ecd234ea8a21887b2f7e?s=96&d=mm&r=g\",\"contentUrl\":\"https:\/\/secure.gravatar.com\/avatar\/d774f42844dafaefadd21a5a11b851453c1cfcafd671ecd234ea8a21887b2f7e?s=96&d=mm&r=g\",\"caption\":\"fpAdmin\"},\"sameAs\":[\"https:\/\/festivalpanoramic.cat\"],\"url\":\"https:\/\/festivalpanoramic.cat\/es\/author\/fpadmin\/\"}]}<\/script>\n<!-- \/ Yoast SEO plugin. -->","yoast_head_json":{"title":"Memoria 2025 - Festival Panor\u00e0mic","robots":{"index":"index","follow":"follow","max-snippet":"max-snippet:-1","max-image-preview":"max-image-preview:large","max-video-preview":"max-video-preview:-1"},"canonical":"https:\/\/festivalpanoramic.cat\/es\/2026\/03\/27\/memoria-2025\/","og_locale":"es_ES","og_type":"article","og_title":"Memoria 2025 - Festival Panor\u00e0mic","og_description":"El festival Panor\u00e0mic cierra su novena edici\u00f3n con una valoraci\u00f3n muy positiva, consolid\u00e1ndose como un proyecto cultural de referencia en el \u00e1mbito de la imagen y la cultura visual contempor\u00e1nea. [&hellip;]","og_url":"https:\/\/festivalpanoramic.cat\/es\/2026\/03\/27\/memoria-2025\/","og_site_name":"Festival Panor\u00e0mic","article_published_time":"2026-03-27T17:30:07+00:00","article_modified_time":"2026-03-27T17:53:04+00:00","og_image":[{"width":1007,"height":671,"url":"https:\/\/festivalpanoramic.cat\/wp-content\/uploads\/2026\/03\/memoria_new.png","type":"image\/png"}],"author":"fpAdmin","twitter_card":"summary_large_image","twitter_misc":{"Escrito por":"fpAdmin","Tiempo de lectura":"3 minutos"},"schema":{"@context":"https:\/\/schema.org","@graph":[{"@type":"Article","@id":"https:\/\/festivalpanoramic.cat\/es\/2026\/03\/27\/memoria-2025\/#article","isPartOf":{"@id":"https:\/\/festivalpanoramic.cat\/es\/2026\/03\/27\/memoria-2025\/"},"author":{"name":"fpAdmin","@id":"https:\/\/festivalpanoramic.cat\/es\/#\/schema\/person\/4fedd067704e1f7dea1f7c1da1e05afb"},"headline":"Memoria 2025","datePublished":"2026-03-27T17:30:07+00:00","dateModified":"2026-03-27T17:53:04+00:00","mainEntityOfPage":{"@id":"https:\/\/festivalpanoramic.cat\/es\/2026\/03\/27\/memoria-2025\/"},"wordCount":455,"image":{"@id":"https:\/\/festivalpanoramic.cat\/es\/2026\/03\/27\/memoria-2025\/#primaryimage"},"thumbnailUrl":"https:\/\/festivalpanoramic.cat\/wp-content\/uploads\/2026\/03\/memoria_new.png","articleSection":["Sin categorizar"],"inLanguage":"es"},{"@type":"WebPage","@id":"https:\/\/festivalpanoramic.cat\/es\/2026\/03\/27\/memoria-2025\/","url":"https:\/\/festivalpanoramic.cat\/es\/2026\/03\/27\/memoria-2025\/","name":"Memoria 2025 - Festival Panor\u00e0mic","isPartOf":{"@id":"https:\/\/festivalpanoramic.cat\/es\/#website"},"primaryImageOfPage":{"@id":"https:\/\/festivalpanoramic.cat\/es\/2026\/03\/27\/memoria-2025\/#primaryimage"},"image":{"@id":"https:\/\/festivalpanoramic.cat\/es\/2026\/03\/27\/memoria-2025\/#primaryimage"},"thumbnailUrl":"https:\/\/festivalpanoramic.cat\/wp-content\/uploads\/2026\/03\/memoria_new.png","datePublished":"2026-03-27T17:30:07+00:00","dateModified":"2026-03-27T17:53:04+00:00","author":{"@id":"https:\/\/festivalpanoramic.cat\/es\/#\/schema\/person\/4fedd067704e1f7dea1f7c1da1e05afb"},"breadcrumb":{"@id":"https:\/\/festivalpanoramic.cat\/es\/2026\/03\/27\/memoria-2025\/#breadcrumb"},"inLanguage":"es","potentialAction":[{"@type":"ReadAction","target":["https:\/\/festivalpanoramic.cat\/es\/2026\/03\/27\/memoria-2025\/"]}]},{"@type":"ImageObject","inLanguage":"es","@id":"https:\/\/festivalpanoramic.cat\/es\/2026\/03\/27\/memoria-2025\/#primaryimage","url":"https:\/\/festivalpanoramic.cat\/wp-content\/uploads\/2026\/03\/memoria_new.png","contentUrl":"https:\/\/festivalpanoramic.cat\/wp-content\/uploads\/2026\/03\/memoria_new.png","width":1007,"height":671},{"@type":"BreadcrumbList","@id":"https:\/\/festivalpanoramic.cat\/es\/2026\/03\/27\/memoria-2025\/#breadcrumb","itemListElement":[{"@type":"ListItem","position":1,"name":"Inici","item":"https:\/\/festivalpanoramic.cat\/es\/"},{"@type":"ListItem","position":2,"name":"Memoria 2025"}]},{"@type":"WebSite","@id":"https:\/\/festivalpanoramic.cat\/es\/#website","url":"https:\/\/festivalpanoramic.cat\/es\/","name":"Festival Panor\u00e0mic","description":"PANOR\u00c0MIC. ARTS I CULTURES VISUALS","potentialAction":[{"@type":"SearchAction","target":{"@type":"EntryPoint","urlTemplate":"https:\/\/festivalpanoramic.cat\/es\/?s={search_term_string}"},"query-input":{"@type":"PropertyValueSpecification","valueRequired":true,"valueName":"search_term_string"}}],"inLanguage":"es"},{"@type":"Person","@id":"https:\/\/festivalpanoramic.cat\/es\/#\/schema\/person\/4fedd067704e1f7dea1f7c1da1e05afb","name":"fpAdmin","image":{"@type":"ImageObject","inLanguage":"es","@id":"https:\/\/secure.gravatar.com\/avatar\/d774f42844dafaefadd21a5a11b851453c1cfcafd671ecd234ea8a21887b2f7e?s=96&d=mm&r=g","url":"https:\/\/secure.gravatar.com\/avatar\/d774f42844dafaefadd21a5a11b851453c1cfcafd671ecd234ea8a21887b2f7e?s=96&d=mm&r=g","contentUrl":"https:\/\/secure.gravatar.com\/avatar\/d774f42844dafaefadd21a5a11b851453c1cfcafd671ecd234ea8a21887b2f7e?s=96&d=mm&r=g","caption":"fpAdmin"},"sameAs":["https:\/\/festivalpanoramic.cat"],"url":"https:\/\/festivalpanoramic.cat\/es\/author\/fpadmin\/"}]}},"_links":{"self":[{"href":"https:\/\/festivalpanoramic.cat\/es\/wp-json\/wp\/v2\/posts\/42223","targetHints":{"allow":["GET"]}}],"collection":[{"href":"https:\/\/festivalpanoramic.cat\/es\/wp-json\/wp\/v2\/posts"}],"about":[{"href":"https:\/\/festivalpanoramic.cat\/es\/wp-json\/wp\/v2\/types\/post"}],"author":[{"embeddable":true,"href":"https:\/\/festivalpanoramic.cat\/es\/wp-json\/wp\/v2\/users\/1"}],"replies":[{"embeddable":true,"href":"https:\/\/festivalpanoramic.cat\/es\/wp-json\/wp\/v2\/comments?post=42223"}],"version-history":[{"count":2,"href":"https:\/\/festivalpanoramic.cat\/es\/wp-json\/wp\/v2\/posts\/42223\/revisions"}],"predecessor-version":[{"id":42229,"href":"https:\/\/festivalpanoramic.cat\/es\/wp-json\/wp\/v2\/posts\/42223\/revisions\/42229"}],"wp:featuredmedia":[{"embeddable":true,"href":"https:\/\/festivalpanoramic.cat\/es\/wp-json\/wp\/v2\/media\/42222"}],"wp:attachment":[{"href":"https:\/\/festivalpanoramic.cat\/es\/wp-json\/wp\/v2\/media?parent=42223"}],"wp:term":[{"taxonomy":"category","embeddable":true,"href":"https:\/\/festivalpanoramic.cat\/es\/wp-json\/wp\/v2\/categories?post=42223"},{"taxonomy":"post_tag","embeddable":true,"href":"https:\/\/festivalpanoramic.cat\/es\/wp-json\/wp\/v2\/tags?post=42223"}],"curies":[{"name":"wp","href":"https:\/\/api.w.org\/{rel}","templated":true}]}}