{"id":42244,"date":"2026-03-27T20:01:22","date_gmt":"2026-03-27T18:01:22","guid":{"rendered":"https:\/\/festivalpanoramic.cat\/?p=42244"},"modified":"2026-03-27T20:08:25","modified_gmt":"2026-03-27T18:08:25","slug":"nueva-identidad","status":"publish","type":"post","link":"https:\/\/festivalpanoramic.cat\/es\/2026\/03\/27\/nueva-identidad\/","title":{"rendered":"Nueva identidad para Panor\u00e0mic en su 10\u00ba aniversario"},"content":{"rendered":"<p>[et_pb_section fb_built=\u00bb1&#8243; theme_builder_area=\u00bbpost_content\u00bb _builder_version=\u00bb4.27.6&#8243; _module_preset=\u00bbdefault\u00bb][et_pb_row _builder_version=\u00bb4.27.6&#8243; _module_preset=\u00bbdefault\u00bb theme_builder_area=\u00bbpost_content\u00bb][et_pb_column _builder_version=\u00bb4.27.6&#8243; _module_preset=\u00bbdefault\u00bb type=\u00bb4_4&#8243; theme_builder_area=\u00bbpost_content\u00bb][et_pb_text _builder_version=\u00bb4.27.6&#8243; _module_preset=\u00bbdefault\u00bb theme_builder_area=\u00bbpost_content\u00bb hover_enabled=\u00bb0&#8243; sticky_enabled=\u00bb0&#8243; text_font_size=\u00bb20px\u00bb]<\/p>\n<p>El festival Panor\u00e0mic inicia una nueva etapa coincidiendo con la celebraci\u00f3n de sus diez a\u00f1os de trayectoria. Este aniversario marca un punto de inflexi\u00f3n en el proyecto, que se replantea y estrena una nueva identidad visual, acompa\u00f1ada de un nuevo logotipo y una denominaci\u00f3n ampliada: <strong>Panor\u00e0mic. Artes y Culturas Visuales<\/strong>.<\/p>\n<p>Este cambio responde a una evoluci\u00f3n natural del festival, que a lo largo de los a\u00f1os ha ido ampliando sus l\u00edmites e intereses. La nueva nomenclatura permite definir con mayor precisi\u00f3n el esp\u00edritu del proyecto: la voluntad de ir m\u00e1s all\u00e1 de los \u00e1mbitos estrictos de la fotograf\u00eda y el cine para abarcar, con mayor ambici\u00f3n, la diversidad de pr\u00e1cticas, lenguajes y formatos que conforman la creaci\u00f3n visual contempor\u00e1nea.<\/p>\n<p>M\u00e1s que un simple cambio de imagen, la nueva identidad refleja una forma de entender el festival como un espacio abierto y en constante transformaci\u00f3n, atento a los desplazamientos de la cultura visual y a los nuevos imaginarios que emergen en un contexto marcado por la hibridaci\u00f3n y la aceleraci\u00f3n tecnol\u00f3gica.<\/p>\n<p>Con este nuevo posicionamiento, Panor\u00e0mic reafirma su compromiso con la investigaci\u00f3n, la creaci\u00f3n y el pensamiento cr\u00edtico, al tiempo que ampl\u00eda su campo de acci\u00f3n para seguir conectando disciplinas, p\u00fablicos y miradas diversas. Esta nueva etapa abre la puerta a futuras ediciones m\u00e1s permeables, experimentales y conectadas con los debates del presente.<\/p>\n<p>[\/et_pb_text][\/et_pb_column][\/et_pb_row][\/et_pb_section]<\/p>\n","protected":false},"excerpt":{"rendered":"<p>El festival Panor\u00e0mic inicia una nueva etapa coincidiendo con la celebraci\u00f3n de sus diez a\u00f1os de trayectoria. Este aniversario marca un punto de inflexi\u00f3n en el proyecto, que se replantea [&hellip;]<\/p>\n","protected":false},"author":1,"featured_media":42414,"comment_status":"closed","ping_status":"closed","sticky":false,"template":"","format":"standard","meta":{"_et_pb_use_builder":"on","_et_pb_old_content":"","_et_gb_content_width":"","footnotes":""},"categories":[2],"tags":[],"class_list":["post-42244","post","type-post","status-publish","format-standard","has-post-thumbnail","hentry","category-sin-categorizar"],"yoast_head":"<!-- This site is optimized with the Yoast SEO plugin v27.2 - https:\/\/yoast.com\/product\/yoast-seo-wordpress\/ -->\n<title>Nueva identidad para Panor\u00e0mic en su 10\u00ba aniversario - Festival Panor\u00e0mic<\/title>\n<meta name=\"robots\" content=\"index, follow, max-snippet:-1, max-image-preview:large, max-video-preview:-1\" \/>\n<link rel=\"canonical\" href=\"https:\/\/festivalpanoramic.cat\/es\/2026\/03\/27\/nueva-identidad\/\" \/>\n<meta property=\"og:locale\" content=\"es_ES\" \/>\n<meta property=\"og:type\" content=\"article\" \/>\n<meta property=\"og:title\" content=\"Nueva identidad para Panor\u00e0mic en su 10\u00ba aniversario - Festival Panor\u00e0mic\" \/>\n<meta property=\"og:description\" content=\"El festival Panor\u00e0mic inicia una nueva etapa coincidiendo con la celebraci\u00f3n de sus diez a\u00f1os de trayectoria. Este aniversario marca un punto de inflexi\u00f3n en el proyecto, que se replantea [&hellip;]\" \/>\n<meta property=\"og:url\" content=\"https:\/\/festivalpanoramic.cat\/es\/2026\/03\/27\/nueva-identidad\/\" \/>\n<meta property=\"og:site_name\" content=\"Festival Panor\u00e0mic\" \/>\n<meta property=\"article:published_time\" content=\"2026-03-27T18:01:22+00:00\" \/>\n<meta property=\"article:modified_time\" content=\"2026-03-27T18:08:25+00:00\" \/>\n<meta property=\"og:image\" content=\"https:\/\/festivalpanoramic.cat\/wp-content\/uploads\/2026\/03\/logo_new.jpg\" \/>\n\t<meta property=\"og:image:width\" content=\"1007\" \/>\n\t<meta property=\"og:image:height\" content=\"671\" \/>\n\t<meta property=\"og:image:type\" content=\"image\/jpeg\" \/>\n<meta name=\"author\" content=\"fpAdmin\" \/>\n<meta name=\"twitter:card\" content=\"summary_large_image\" \/>\n<meta name=\"twitter:label1\" content=\"Escrito por\" \/>\n\t<meta name=\"twitter:data1\" content=\"fpAdmin\" \/>\n\t<meta name=\"twitter:label2\" content=\"Tiempo de lectura\" \/>\n\t<meta name=\"twitter:data2\" content=\"2 minutos\" \/>\n<script type=\"application\/ld+json\" class=\"yoast-schema-graph\">{\"@context\":\"https:\/\/schema.org\",\"@graph\":[{\"@type\":\"Article\",\"@id\":\"https:\/\/festivalpanoramic.cat\/es\/2026\/03\/27\/nueva-identidad\/#article\",\"isPartOf\":{\"@id\":\"https:\/\/festivalpanoramic.cat\/es\/2026\/03\/27\/nueva-identidad\/\"},\"author\":{\"name\":\"fpAdmin\",\"@id\":\"https:\/\/festivalpanoramic.cat\/es\/#\/schema\/person\/4fedd067704e1f7dea1f7c1da1e05afb\"},\"headline\":\"Nueva identidad para Panor\u00e0mic en su 10\u00ba aniversario\",\"datePublished\":\"2026-03-27T18:01:22+00:00\",\"dateModified\":\"2026-03-27T18:08:25+00:00\",\"mainEntityOfPage\":{\"@id\":\"https:\/\/festivalpanoramic.cat\/es\/2026\/03\/27\/nueva-identidad\/\"},\"wordCount\":336,\"image\":{\"@id\":\"https:\/\/festivalpanoramic.cat\/es\/2026\/03\/27\/nueva-identidad\/#primaryimage\"},\"thumbnailUrl\":\"https:\/\/festivalpanoramic.cat\/wp-content\/uploads\/2026\/03\/logo_new-1.jpg\",\"articleSection\":[\"Sin categorizar\"],\"inLanguage\":\"es\"},{\"@type\":\"WebPage\",\"@id\":\"https:\/\/festivalpanoramic.cat\/es\/2026\/03\/27\/nueva-identidad\/\",\"url\":\"https:\/\/festivalpanoramic.cat\/es\/2026\/03\/27\/nueva-identidad\/\",\"name\":\"Nueva identidad para Panor\u00e0mic en su 10\u00ba aniversario - Festival Panor\u00e0mic\",\"isPartOf\":{\"@id\":\"https:\/\/festivalpanoramic.cat\/es\/#website\"},\"primaryImageOfPage\":{\"@id\":\"https:\/\/festivalpanoramic.cat\/es\/2026\/03\/27\/nueva-identidad\/#primaryimage\"},\"image\":{\"@id\":\"https:\/\/festivalpanoramic.cat\/es\/2026\/03\/27\/nueva-identidad\/#primaryimage\"},\"thumbnailUrl\":\"https:\/\/festivalpanoramic.cat\/wp-content\/uploads\/2026\/03\/logo_new-1.jpg\",\"datePublished\":\"2026-03-27T18:01:22+00:00\",\"dateModified\":\"2026-03-27T18:08:25+00:00\",\"author\":{\"@id\":\"https:\/\/festivalpanoramic.cat\/es\/#\/schema\/person\/4fedd067704e1f7dea1f7c1da1e05afb\"},\"breadcrumb\":{\"@id\":\"https:\/\/festivalpanoramic.cat\/es\/2026\/03\/27\/nueva-identidad\/#breadcrumb\"},\"inLanguage\":\"es\",\"potentialAction\":[{\"@type\":\"ReadAction\",\"target\":[\"https:\/\/festivalpanoramic.cat\/es\/2026\/03\/27\/nueva-identidad\/\"]}]},{\"@type\":\"ImageObject\",\"inLanguage\":\"es\",\"@id\":\"https:\/\/festivalpanoramic.cat\/es\/2026\/03\/27\/nueva-identidad\/#primaryimage\",\"url\":\"https:\/\/festivalpanoramic.cat\/wp-content\/uploads\/2026\/03\/logo_new-1.jpg\",\"contentUrl\":\"https:\/\/festivalpanoramic.cat\/wp-content\/uploads\/2026\/03\/logo_new-1.jpg\",\"width\":1007,\"height\":671},{\"@type\":\"BreadcrumbList\",\"@id\":\"https:\/\/festivalpanoramic.cat\/es\/2026\/03\/27\/nueva-identidad\/#breadcrumb\",\"itemListElement\":[{\"@type\":\"ListItem\",\"position\":1,\"name\":\"Inici\",\"item\":\"https:\/\/festivalpanoramic.cat\/es\/\"},{\"@type\":\"ListItem\",\"position\":2,\"name\":\"Nueva identidad para Panor\u00e0mic en su 10\u00ba aniversario\"}]},{\"@type\":\"WebSite\",\"@id\":\"https:\/\/festivalpanoramic.cat\/es\/#website\",\"url\":\"https:\/\/festivalpanoramic.cat\/es\/\",\"name\":\"Festival Panor\u00e0mic\",\"description\":\"PANOR\u00c0MIC. ARTS I CULTURES VISUALS\",\"potentialAction\":[{\"@type\":\"SearchAction\",\"target\":{\"@type\":\"EntryPoint\",\"urlTemplate\":\"https:\/\/festivalpanoramic.cat\/es\/?s={search_term_string}\"},\"query-input\":{\"@type\":\"PropertyValueSpecification\",\"valueRequired\":true,\"valueName\":\"search_term_string\"}}],\"inLanguage\":\"es\"},{\"@type\":\"Person\",\"@id\":\"https:\/\/festivalpanoramic.cat\/es\/#\/schema\/person\/4fedd067704e1f7dea1f7c1da1e05afb\",\"name\":\"fpAdmin\",\"image\":{\"@type\":\"ImageObject\",\"inLanguage\":\"es\",\"@id\":\"https:\/\/secure.gravatar.com\/avatar\/d774f42844dafaefadd21a5a11b851453c1cfcafd671ecd234ea8a21887b2f7e?s=96&d=mm&r=g\",\"url\":\"https:\/\/secure.gravatar.com\/avatar\/d774f42844dafaefadd21a5a11b851453c1cfcafd671ecd234ea8a21887b2f7e?s=96&d=mm&r=g\",\"contentUrl\":\"https:\/\/secure.gravatar.com\/avatar\/d774f42844dafaefadd21a5a11b851453c1cfcafd671ecd234ea8a21887b2f7e?s=96&d=mm&r=g\",\"caption\":\"fpAdmin\"},\"sameAs\":[\"https:\/\/festivalpanoramic.cat\"],\"url\":\"https:\/\/festivalpanoramic.cat\/es\/author\/fpadmin\/\"}]}<\/script>\n<!-- \/ Yoast SEO plugin. -->","yoast_head_json":{"title":"Nueva identidad para Panor\u00e0mic en su 10\u00ba aniversario - Festival Panor\u00e0mic","robots":{"index":"index","follow":"follow","max-snippet":"max-snippet:-1","max-image-preview":"max-image-preview:large","max-video-preview":"max-video-preview:-1"},"canonical":"https:\/\/festivalpanoramic.cat\/es\/2026\/03\/27\/nueva-identidad\/","og_locale":"es_ES","og_type":"article","og_title":"Nueva identidad para Panor\u00e0mic en su 10\u00ba aniversario - Festival Panor\u00e0mic","og_description":"El festival Panor\u00e0mic inicia una nueva etapa coincidiendo con la celebraci\u00f3n de sus diez a\u00f1os de trayectoria. Este aniversario marca un punto de inflexi\u00f3n en el proyecto, que se replantea [&hellip;]","og_url":"https:\/\/festivalpanoramic.cat\/es\/2026\/03\/27\/nueva-identidad\/","og_site_name":"Festival Panor\u00e0mic","article_published_time":"2026-03-27T18:01:22+00:00","article_modified_time":"2026-03-27T18:08:25+00:00","og_image":[{"width":1007,"height":671,"url":"https:\/\/festivalpanoramic.cat\/wp-content\/uploads\/2026\/03\/logo_new.jpg","type":"image\/jpeg"}],"author":"fpAdmin","twitter_card":"summary_large_image","twitter_misc":{"Escrito por":"fpAdmin","Tiempo de lectura":"2 minutos"},"schema":{"@context":"https:\/\/schema.org","@graph":[{"@type":"Article","@id":"https:\/\/festivalpanoramic.cat\/es\/2026\/03\/27\/nueva-identidad\/#article","isPartOf":{"@id":"https:\/\/festivalpanoramic.cat\/es\/2026\/03\/27\/nueva-identidad\/"},"author":{"name":"fpAdmin","@id":"https:\/\/festivalpanoramic.cat\/es\/#\/schema\/person\/4fedd067704e1f7dea1f7c1da1e05afb"},"headline":"Nueva identidad para Panor\u00e0mic en su 10\u00ba aniversario","datePublished":"2026-03-27T18:01:22+00:00","dateModified":"2026-03-27T18:08:25+00:00","mainEntityOfPage":{"@id":"https:\/\/festivalpanoramic.cat\/es\/2026\/03\/27\/nueva-identidad\/"},"wordCount":336,"image":{"@id":"https:\/\/festivalpanoramic.cat\/es\/2026\/03\/27\/nueva-identidad\/#primaryimage"},"thumbnailUrl":"https:\/\/festivalpanoramic.cat\/wp-content\/uploads\/2026\/03\/logo_new-1.jpg","articleSection":["Sin categorizar"],"inLanguage":"es"},{"@type":"WebPage","@id":"https:\/\/festivalpanoramic.cat\/es\/2026\/03\/27\/nueva-identidad\/","url":"https:\/\/festivalpanoramic.cat\/es\/2026\/03\/27\/nueva-identidad\/","name":"Nueva identidad para Panor\u00e0mic en su 10\u00ba aniversario - Festival Panor\u00e0mic","isPartOf":{"@id":"https:\/\/festivalpanoramic.cat\/es\/#website"},"primaryImageOfPage":{"@id":"https:\/\/festivalpanoramic.cat\/es\/2026\/03\/27\/nueva-identidad\/#primaryimage"},"image":{"@id":"https:\/\/festivalpanoramic.cat\/es\/2026\/03\/27\/nueva-identidad\/#primaryimage"},"thumbnailUrl":"https:\/\/festivalpanoramic.cat\/wp-content\/uploads\/2026\/03\/logo_new-1.jpg","datePublished":"2026-03-27T18:01:22+00:00","dateModified":"2026-03-27T18:08:25+00:00","author":{"@id":"https:\/\/festivalpanoramic.cat\/es\/#\/schema\/person\/4fedd067704e1f7dea1f7c1da1e05afb"},"breadcrumb":{"@id":"https:\/\/festivalpanoramic.cat\/es\/2026\/03\/27\/nueva-identidad\/#breadcrumb"},"inLanguage":"es","potentialAction":[{"@type":"ReadAction","target":["https:\/\/festivalpanoramic.cat\/es\/2026\/03\/27\/nueva-identidad\/"]}]},{"@type":"ImageObject","inLanguage":"es","@id":"https:\/\/festivalpanoramic.cat\/es\/2026\/03\/27\/nueva-identidad\/#primaryimage","url":"https:\/\/festivalpanoramic.cat\/wp-content\/uploads\/2026\/03\/logo_new-1.jpg","contentUrl":"https:\/\/festivalpanoramic.cat\/wp-content\/uploads\/2026\/03\/logo_new-1.jpg","width":1007,"height":671},{"@type":"BreadcrumbList","@id":"https:\/\/festivalpanoramic.cat\/es\/2026\/03\/27\/nueva-identidad\/#breadcrumb","itemListElement":[{"@type":"ListItem","position":1,"name":"Inici","item":"https:\/\/festivalpanoramic.cat\/es\/"},{"@type":"ListItem","position":2,"name":"Nueva identidad para Panor\u00e0mic en su 10\u00ba aniversario"}]},{"@type":"WebSite","@id":"https:\/\/festivalpanoramic.cat\/es\/#website","url":"https:\/\/festivalpanoramic.cat\/es\/","name":"Festival Panor\u00e0mic","description":"PANOR\u00c0MIC. ARTS I CULTURES VISUALS","potentialAction":[{"@type":"SearchAction","target":{"@type":"EntryPoint","urlTemplate":"https:\/\/festivalpanoramic.cat\/es\/?s={search_term_string}"},"query-input":{"@type":"PropertyValueSpecification","valueRequired":true,"valueName":"search_term_string"}}],"inLanguage":"es"},{"@type":"Person","@id":"https:\/\/festivalpanoramic.cat\/es\/#\/schema\/person\/4fedd067704e1f7dea1f7c1da1e05afb","name":"fpAdmin","image":{"@type":"ImageObject","inLanguage":"es","@id":"https:\/\/secure.gravatar.com\/avatar\/d774f42844dafaefadd21a5a11b851453c1cfcafd671ecd234ea8a21887b2f7e?s=96&d=mm&r=g","url":"https:\/\/secure.gravatar.com\/avatar\/d774f42844dafaefadd21a5a11b851453c1cfcafd671ecd234ea8a21887b2f7e?s=96&d=mm&r=g","contentUrl":"https:\/\/secure.gravatar.com\/avatar\/d774f42844dafaefadd21a5a11b851453c1cfcafd671ecd234ea8a21887b2f7e?s=96&d=mm&r=g","caption":"fpAdmin"},"sameAs":["https:\/\/festivalpanoramic.cat"],"url":"https:\/\/festivalpanoramic.cat\/es\/author\/fpadmin\/"}]}},"_links":{"self":[{"href":"https:\/\/festivalpanoramic.cat\/es\/wp-json\/wp\/v2\/posts\/42244","targetHints":{"allow":["GET"]}}],"collection":[{"href":"https:\/\/festivalpanoramic.cat\/es\/wp-json\/wp\/v2\/posts"}],"about":[{"href":"https:\/\/festivalpanoramic.cat\/es\/wp-json\/wp\/v2\/types\/post"}],"author":[{"embeddable":true,"href":"https:\/\/festivalpanoramic.cat\/es\/wp-json\/wp\/v2\/users\/1"}],"replies":[{"embeddable":true,"href":"https:\/\/festivalpanoramic.cat\/es\/wp-json\/wp\/v2\/comments?post=42244"}],"version-history":[{"count":2,"href":"https:\/\/festivalpanoramic.cat\/es\/wp-json\/wp\/v2\/posts\/42244\/revisions"}],"predecessor-version":[{"id":42247,"href":"https:\/\/festivalpanoramic.cat\/es\/wp-json\/wp\/v2\/posts\/42244\/revisions\/42247"}],"wp:featuredmedia":[{"embeddable":true,"href":"https:\/\/festivalpanoramic.cat\/es\/wp-json\/wp\/v2\/media\/42414"}],"wp:attachment":[{"href":"https:\/\/festivalpanoramic.cat\/es\/wp-json\/wp\/v2\/media?parent=42244"}],"wp:term":[{"taxonomy":"category","embeddable":true,"href":"https:\/\/festivalpanoramic.cat\/es\/wp-json\/wp\/v2\/categories?post=42244"},{"taxonomy":"post_tag","embeddable":true,"href":"https:\/\/festivalpanoramic.cat\/es\/wp-json\/wp\/v2\/tags?post=42244"}],"curies":[{"name":"wp","href":"https:\/\/api.w.org\/{rel}","templated":true}]}}