{"id":42265,"date":"2026-03-27T20:16:44","date_gmt":"2026-03-27T18:16:44","guid":{"rendered":"https:\/\/festivalpanoramic.cat\/?p=42265"},"modified":"2026-03-27T20:42:55","modified_gmt":"2026-03-27T18:42:55","slug":"arder-de-deseo-eje-curatorial-de-la-edicion-2026","status":"publish","type":"post","link":"https:\/\/festivalpanoramic.cat\/es\/2026\/03\/27\/arder-de-deseo-eje-curatorial-de-la-edicion-2026\/","title":{"rendered":"Arder de deseo: eje curatorial de la edici\u00f3n 2026"},"content":{"rendered":"<p>[et_pb_section fb_built=\u00bb1&#8243; theme_builder_area=\u00bbpost_content\u00bb _builder_version=\u00bb4.27.6&#8243; _module_preset=\u00bbdefault\u00bb][et_pb_row _builder_version=\u00bb4.27.6&#8243; _module_preset=\u00bbdefault\u00bb theme_builder_area=\u00bbpost_content\u00bb][et_pb_column _builder_version=\u00bb4.27.6&#8243; _module_preset=\u00bbdefault\u00bb type=\u00bb4_4&#8243; theme_builder_area=\u00bbpost_content\u00bb][et_pb_text _builder_version=\u00bb4.27.6&#8243; _module_preset=\u00bbdefault\u00bb theme_builder_area=\u00bbpost_content\u00bb hover_enabled=\u00bb0&#8243; sticky_enabled=\u00bb0&#8243; text_font_size=\u00bb20px\u00bb]<\/p>\n<p>Panor\u00e0mic. Artes y Culturas Visuales anuncia\u00a0<em>Arder de deseo<\/em> como eje curatorial de su pr\u00f3xima edici\u00f3n, una propuesta que toma como punto de partida el bicentenario de la fotograf\u00eda para reflexionar sobre el papel de las im\u00e1genes en la construcci\u00f3n de la sensibilidad contempor\u00e1nea.<\/p>\n<h1>\u00a0<\/h1>\n<h1>Arder de deseo<\/h1>\n<p>&nbsp;<\/p>\n<p style=\"text-align: right;\">\u00abJe ne puis vous dissimuler que je br\u00fble du d\u00e9sir de voir vos essais d\u2019apr\u00e8s nature.\u00bb [No puedo ocultarle que ardo en deseos de ver sus estudios del natural.] Carta de Louis Daguerre a Nic\u00e9phore Ni\u00e9pce, 3 de febrero de 1828.<\/p>\n<p>\u00abArder de deseo\u00bb no era solo una confesi\u00f3n \u00edntima, sino una declaraci\u00f3n de futuro: el deseo de atrapar la luz y capturar la sombra, de fijar el tiempo, de darle cuerpo al instante, de saciar la curiosidad, de celebrar la mirada y hacer perdurable el recuerdo. De aquel fuego inicial nace la fotograf\u00eda, y, con ella, una nueva manera de mirar, pensar y habitar el mundo.<\/p>\n<p>En este bicentenario de la fotograf\u00eda, m\u00e1s all\u00e1 de celebrar un invento, el festival Panor\u00e0mic quiere elogiar la transformaci\u00f3n radical de la sensibilidad moderna. Conmemoramos la realizaci\u00f3n de la humilde heliograf\u00eda que Ni\u00e9pce capt\u00f3 desde la ventana de su casa en 1826; la imagen fotogr\u00e1fica m\u00e1s antigua que se conserva. Desde que aquella vista qued\u00f3 impresa sobre una superficie fotosensible, la humanidad ha aprendido a examinarse a s\u00ed misma con una herramienta formidable para construir relato, identidad, memoria, verdad o fantas\u00eda.<\/p>\n<p>La fotograf\u00eda y m\u00e1s tarde el cine no han sido simples tecnolog\u00edas de representaci\u00f3n; han funcionado como fuerzas activas de cambio emocional, social y pol\u00edtico. Han construido imaginarios colectivos, legitimado poderes y alimentado resistencias. Han sido instrumentos de prueba y de enga\u00f1o, de denuncia y de propaganda, de poes\u00eda y de violencia simb\u00f3lica. Han documentado revoluciones y derrotas; han servido tanto a la emancipaci\u00f3n como a la vigilancia; han hecho visibles vidas invisibles, tanto en la poes\u00eda como en el control.<\/p>\n<p>A partir de este denso recorrido, Panor\u00e0mic propone entender la fotograf\u00eda y el cine como pr\u00e1cticas de deseo: deseo de memoria, deseo de justicia, deseo de belleza, deseo de permanencia frente a lo ef\u00edmero, deseo de ser. Un deseo que arde porque no se satisface nunca, porque cada imagen genera una nueva necesidad de mirar, de comprender, de volver a empezar. \u00abArder de deseo\u00bb, por tanto, adem\u00e1s de un homenaje a los pioneros y al patrimonio de dos siglos de producci\u00f3n fotogr\u00e1fica, es tambi\u00e9n una pregunta dirigida al presente: \u00bfQu\u00e9 nos hace arder hoy en un mundo tan saturado de im\u00e1genes? \u00bfQu\u00e9 nos hace arder cuando las im\u00e1genes no solo revelan el mundo sino que tambi\u00e9n lo sustituyen?<\/p>\n<p>\u00abArder de deseo\u00bb es, pues, una invitaci\u00f3n a revisitar estos doscientos a\u00f1os, no desde la cronolog\u00eda nost\u00e1lgica, sino desde la tensi\u00f3n viva entre pasado y futuro. En una \u00e9poca saturada de im\u00e1genes, en la que la inteligencia artificial produce visiones sin cuerpo y sin tiempo, \u00bfqu\u00e9 significa hoy fotografiar? \u00bfQu\u00e9 significa todav\u00eda creer en el poder testimonial de una imagen? \u00bfC\u00f3mo podemos preservar el potencial cr\u00edtico, po\u00e9tico y pol\u00edtico de la fotograf\u00eda?<\/p>\n<p>A trav\u00e9s de exposiciones, proyecciones, instalaciones y encuentros, Panor\u00e0mic quiere poner en di\u00e1logo a los cl\u00e1sicos y a los creadores emergentes, los archivos y las im\u00e1genes generativas, la c\u00e1mara oscura y la pantalla infinita. No para trazar una l\u00ednea evolutiva tranquilizadora; al contrario, para hacer visible la continuidad del conflicto, la lucha constante entre la imagen como herramienta de liberaci\u00f3n y la imagen como construcci\u00f3n, posicionamiento y mecanismo de poder. En definitiva, para prestar atenci\u00f3n a todo aquello que nos hace arder de deseo por la imagen.<\/p>\n<p>Adem\u00e1s, esta tem\u00e1tica nos acompa\u00f1a en la celebraci\u00f3n de los diez a\u00f1os de vida del festival, que se replantea y pasa a llamarse Panor\u00e0mic. Artes y Culturas Visuales. Esta nueva denominaci\u00f3n nos permite orientarnos hacia la voluntad de trascender los dominios estrictos de la fotograf\u00eda y el cine, y abarcar con mayor ambici\u00f3n toda la diversidad de creaciones y formatos visuales contempor\u00e1neos.<\/p>\n<p>[\/et_pb_text][\/et_pb_column][\/et_pb_row][\/et_pb_section]<\/p>\n","protected":false},"excerpt":{"rendered":"<p>Panor\u00e0mic. Artes y Culturas Visuales anuncia\u00a0Arder de deseo como eje curatorial de su pr\u00f3xima edici\u00f3n, una propuesta que toma como punto de partida el bicentenario de la fotograf\u00eda para reflexionar [&hellip;]<\/p>\n","protected":false},"author":1,"featured_media":42226,"comment_status":"closed","ping_status":"closed","sticky":false,"template":"","format":"standard","meta":{"_et_pb_use_builder":"on","_et_pb_old_content":"","_et_gb_content_width":"","footnotes":""},"categories":[2],"tags":[],"class_list":["post-42265","post","type-post","status-publish","format-standard","has-post-thumbnail","hentry","category-sin-categorizar"],"yoast_head":"<!-- This site is optimized with the Yoast SEO plugin v27.2 - https:\/\/yoast.com\/product\/yoast-seo-wordpress\/ -->\n<title>Arder de deseo: eje curatorial de la edici\u00f3n 2026 - Festival Panor\u00e0mic<\/title>\n<meta name=\"robots\" content=\"index, follow, max-snippet:-1, max-image-preview:large, max-video-preview:-1\" \/>\n<link rel=\"canonical\" href=\"https:\/\/festivalpanoramic.cat\/es\/2026\/03\/27\/arder-de-deseo-eje-curatorial-de-la-edicion-2026\/\" \/>\n<meta property=\"og:locale\" content=\"es_ES\" \/>\n<meta property=\"og:type\" content=\"article\" \/>\n<meta property=\"og:title\" content=\"Arder de deseo: eje curatorial de la edici\u00f3n 2026 - Festival Panor\u00e0mic\" \/>\n<meta property=\"og:description\" content=\"Panor\u00e0mic. Artes y Culturas Visuales anuncia\u00a0Arder de deseo como eje curatorial de su pr\u00f3xima edici\u00f3n, una propuesta que toma como punto de partida el bicentenario de la fotograf\u00eda para reflexionar [&hellip;]\" \/>\n<meta property=\"og:url\" content=\"https:\/\/festivalpanoramic.cat\/es\/2026\/03\/27\/arder-de-deseo-eje-curatorial-de-la-edicion-2026\/\" \/>\n<meta property=\"og:site_name\" content=\"Festival Panor\u00e0mic\" \/>\n<meta property=\"article:published_time\" content=\"2026-03-27T18:16:44+00:00\" \/>\n<meta property=\"article:modified_time\" content=\"2026-03-27T18:42:55+00:00\" \/>\n<meta property=\"og:image\" content=\"https:\/\/festivalpanoramic.cat\/wp-content\/uploads\/2026\/03\/cremar_new.png\" \/>\n\t<meta property=\"og:image:width\" content=\"1007\" \/>\n\t<meta property=\"og:image:height\" content=\"671\" \/>\n\t<meta property=\"og:image:type\" content=\"image\/png\" \/>\n<meta name=\"author\" content=\"fpAdmin\" \/>\n<meta name=\"twitter:card\" content=\"summary_large_image\" \/>\n<meta name=\"twitter:label1\" content=\"Escrito por\" \/>\n\t<meta name=\"twitter:data1\" content=\"fpAdmin\" \/>\n\t<meta name=\"twitter:label2\" content=\"Tiempo de lectura\" \/>\n\t<meta name=\"twitter:data2\" content=\"4 minutos\" \/>\n<script type=\"application\/ld+json\" class=\"yoast-schema-graph\">{\"@context\":\"https:\/\/schema.org\",\"@graph\":[{\"@type\":\"Article\",\"@id\":\"https:\/\/festivalpanoramic.cat\/es\/2026\/03\/27\/arder-de-deseo-eje-curatorial-de-la-edicion-2026\/#article\",\"isPartOf\":{\"@id\":\"https:\/\/festivalpanoramic.cat\/es\/2026\/03\/27\/arder-de-deseo-eje-curatorial-de-la-edicion-2026\/\"},\"author\":{\"name\":\"fpAdmin\",\"@id\":\"https:\/\/festivalpanoramic.cat\/es\/#\/schema\/person\/4fedd067704e1f7dea1f7c1da1e05afb\"},\"headline\":\"Arder de deseo: eje curatorial de la edici\u00f3n 2026\",\"datePublished\":\"2026-03-27T18:16:44+00:00\",\"dateModified\":\"2026-03-27T18:42:55+00:00\",\"mainEntityOfPage\":{\"@id\":\"https:\/\/festivalpanoramic.cat\/es\/2026\/03\/27\/arder-de-deseo-eje-curatorial-de-la-edicion-2026\/\"},\"wordCount\":816,\"image\":{\"@id\":\"https:\/\/festivalpanoramic.cat\/es\/2026\/03\/27\/arder-de-deseo-eje-curatorial-de-la-edicion-2026\/#primaryimage\"},\"thumbnailUrl\":\"https:\/\/festivalpanoramic.cat\/wp-content\/uploads\/2026\/03\/cremar_new.png\",\"articleSection\":[\"Sin categorizar\"],\"inLanguage\":\"es\"},{\"@type\":\"WebPage\",\"@id\":\"https:\/\/festivalpanoramic.cat\/es\/2026\/03\/27\/arder-de-deseo-eje-curatorial-de-la-edicion-2026\/\",\"url\":\"https:\/\/festivalpanoramic.cat\/es\/2026\/03\/27\/arder-de-deseo-eje-curatorial-de-la-edicion-2026\/\",\"name\":\"Arder de deseo: eje curatorial de la edici\u00f3n 2026 - Festival Panor\u00e0mic\",\"isPartOf\":{\"@id\":\"https:\/\/festivalpanoramic.cat\/es\/#website\"},\"primaryImageOfPage\":{\"@id\":\"https:\/\/festivalpanoramic.cat\/es\/2026\/03\/27\/arder-de-deseo-eje-curatorial-de-la-edicion-2026\/#primaryimage\"},\"image\":{\"@id\":\"https:\/\/festivalpanoramic.cat\/es\/2026\/03\/27\/arder-de-deseo-eje-curatorial-de-la-edicion-2026\/#primaryimage\"},\"thumbnailUrl\":\"https:\/\/festivalpanoramic.cat\/wp-content\/uploads\/2026\/03\/cremar_new.png\",\"datePublished\":\"2026-03-27T18:16:44+00:00\",\"dateModified\":\"2026-03-27T18:42:55+00:00\",\"author\":{\"@id\":\"https:\/\/festivalpanoramic.cat\/es\/#\/schema\/person\/4fedd067704e1f7dea1f7c1da1e05afb\"},\"breadcrumb\":{\"@id\":\"https:\/\/festivalpanoramic.cat\/es\/2026\/03\/27\/arder-de-deseo-eje-curatorial-de-la-edicion-2026\/#breadcrumb\"},\"inLanguage\":\"es\",\"potentialAction\":[{\"@type\":\"ReadAction\",\"target\":[\"https:\/\/festivalpanoramic.cat\/es\/2026\/03\/27\/arder-de-deseo-eje-curatorial-de-la-edicion-2026\/\"]}]},{\"@type\":\"ImageObject\",\"inLanguage\":\"es\",\"@id\":\"https:\/\/festivalpanoramic.cat\/es\/2026\/03\/27\/arder-de-deseo-eje-curatorial-de-la-edicion-2026\/#primaryimage\",\"url\":\"https:\/\/festivalpanoramic.cat\/wp-content\/uploads\/2026\/03\/cremar_new.png\",\"contentUrl\":\"https:\/\/festivalpanoramic.cat\/wp-content\/uploads\/2026\/03\/cremar_new.png\",\"width\":1007,\"height\":671},{\"@type\":\"BreadcrumbList\",\"@id\":\"https:\/\/festivalpanoramic.cat\/es\/2026\/03\/27\/arder-de-deseo-eje-curatorial-de-la-edicion-2026\/#breadcrumb\",\"itemListElement\":[{\"@type\":\"ListItem\",\"position\":1,\"name\":\"Inici\",\"item\":\"https:\/\/festivalpanoramic.cat\/es\/\"},{\"@type\":\"ListItem\",\"position\":2,\"name\":\"Arder de deseo: eje curatorial de la edici\u00f3n 2026\"}]},{\"@type\":\"WebSite\",\"@id\":\"https:\/\/festivalpanoramic.cat\/es\/#website\",\"url\":\"https:\/\/festivalpanoramic.cat\/es\/\",\"name\":\"Festival Panor\u00e0mic\",\"description\":\"PANOR\u00c0MIC. ARTS I CULTURES VISUALS\",\"potentialAction\":[{\"@type\":\"SearchAction\",\"target\":{\"@type\":\"EntryPoint\",\"urlTemplate\":\"https:\/\/festivalpanoramic.cat\/es\/?s={search_term_string}\"},\"query-input\":{\"@type\":\"PropertyValueSpecification\",\"valueRequired\":true,\"valueName\":\"search_term_string\"}}],\"inLanguage\":\"es\"},{\"@type\":\"Person\",\"@id\":\"https:\/\/festivalpanoramic.cat\/es\/#\/schema\/person\/4fedd067704e1f7dea1f7c1da1e05afb\",\"name\":\"fpAdmin\",\"image\":{\"@type\":\"ImageObject\",\"inLanguage\":\"es\",\"@id\":\"https:\/\/secure.gravatar.com\/avatar\/d774f42844dafaefadd21a5a11b851453c1cfcafd671ecd234ea8a21887b2f7e?s=96&d=mm&r=g\",\"url\":\"https:\/\/secure.gravatar.com\/avatar\/d774f42844dafaefadd21a5a11b851453c1cfcafd671ecd234ea8a21887b2f7e?s=96&d=mm&r=g\",\"contentUrl\":\"https:\/\/secure.gravatar.com\/avatar\/d774f42844dafaefadd21a5a11b851453c1cfcafd671ecd234ea8a21887b2f7e?s=96&d=mm&r=g\",\"caption\":\"fpAdmin\"},\"sameAs\":[\"https:\/\/festivalpanoramic.cat\"],\"url\":\"https:\/\/festivalpanoramic.cat\/es\/author\/fpadmin\/\"}]}<\/script>\n<!-- \/ Yoast SEO plugin. -->","yoast_head_json":{"title":"Arder de deseo: eje curatorial de la edici\u00f3n 2026 - Festival Panor\u00e0mic","robots":{"index":"index","follow":"follow","max-snippet":"max-snippet:-1","max-image-preview":"max-image-preview:large","max-video-preview":"max-video-preview:-1"},"canonical":"https:\/\/festivalpanoramic.cat\/es\/2026\/03\/27\/arder-de-deseo-eje-curatorial-de-la-edicion-2026\/","og_locale":"es_ES","og_type":"article","og_title":"Arder de deseo: eje curatorial de la edici\u00f3n 2026 - Festival Panor\u00e0mic","og_description":"Panor\u00e0mic. Artes y Culturas Visuales anuncia\u00a0Arder de deseo como eje curatorial de su pr\u00f3xima edici\u00f3n, una propuesta que toma como punto de partida el bicentenario de la fotograf\u00eda para reflexionar [&hellip;]","og_url":"https:\/\/festivalpanoramic.cat\/es\/2026\/03\/27\/arder-de-deseo-eje-curatorial-de-la-edicion-2026\/","og_site_name":"Festival Panor\u00e0mic","article_published_time":"2026-03-27T18:16:44+00:00","article_modified_time":"2026-03-27T18:42:55+00:00","og_image":[{"width":1007,"height":671,"url":"https:\/\/festivalpanoramic.cat\/wp-content\/uploads\/2026\/03\/cremar_new.png","type":"image\/png"}],"author":"fpAdmin","twitter_card":"summary_large_image","twitter_misc":{"Escrito por":"fpAdmin","Tiempo de lectura":"4 minutos"},"schema":{"@context":"https:\/\/schema.org","@graph":[{"@type":"Article","@id":"https:\/\/festivalpanoramic.cat\/es\/2026\/03\/27\/arder-de-deseo-eje-curatorial-de-la-edicion-2026\/#article","isPartOf":{"@id":"https:\/\/festivalpanoramic.cat\/es\/2026\/03\/27\/arder-de-deseo-eje-curatorial-de-la-edicion-2026\/"},"author":{"name":"fpAdmin","@id":"https:\/\/festivalpanoramic.cat\/es\/#\/schema\/person\/4fedd067704e1f7dea1f7c1da1e05afb"},"headline":"Arder de deseo: eje curatorial de la edici\u00f3n 2026","datePublished":"2026-03-27T18:16:44+00:00","dateModified":"2026-03-27T18:42:55+00:00","mainEntityOfPage":{"@id":"https:\/\/festivalpanoramic.cat\/es\/2026\/03\/27\/arder-de-deseo-eje-curatorial-de-la-edicion-2026\/"},"wordCount":816,"image":{"@id":"https:\/\/festivalpanoramic.cat\/es\/2026\/03\/27\/arder-de-deseo-eje-curatorial-de-la-edicion-2026\/#primaryimage"},"thumbnailUrl":"https:\/\/festivalpanoramic.cat\/wp-content\/uploads\/2026\/03\/cremar_new.png","articleSection":["Sin categorizar"],"inLanguage":"es"},{"@type":"WebPage","@id":"https:\/\/festivalpanoramic.cat\/es\/2026\/03\/27\/arder-de-deseo-eje-curatorial-de-la-edicion-2026\/","url":"https:\/\/festivalpanoramic.cat\/es\/2026\/03\/27\/arder-de-deseo-eje-curatorial-de-la-edicion-2026\/","name":"Arder de deseo: eje curatorial de la edici\u00f3n 2026 - Festival Panor\u00e0mic","isPartOf":{"@id":"https:\/\/festivalpanoramic.cat\/es\/#website"},"primaryImageOfPage":{"@id":"https:\/\/festivalpanoramic.cat\/es\/2026\/03\/27\/arder-de-deseo-eje-curatorial-de-la-edicion-2026\/#primaryimage"},"image":{"@id":"https:\/\/festivalpanoramic.cat\/es\/2026\/03\/27\/arder-de-deseo-eje-curatorial-de-la-edicion-2026\/#primaryimage"},"thumbnailUrl":"https:\/\/festivalpanoramic.cat\/wp-content\/uploads\/2026\/03\/cremar_new.png","datePublished":"2026-03-27T18:16:44+00:00","dateModified":"2026-03-27T18:42:55+00:00","author":{"@id":"https:\/\/festivalpanoramic.cat\/es\/#\/schema\/person\/4fedd067704e1f7dea1f7c1da1e05afb"},"breadcrumb":{"@id":"https:\/\/festivalpanoramic.cat\/es\/2026\/03\/27\/arder-de-deseo-eje-curatorial-de-la-edicion-2026\/#breadcrumb"},"inLanguage":"es","potentialAction":[{"@type":"ReadAction","target":["https:\/\/festivalpanoramic.cat\/es\/2026\/03\/27\/arder-de-deseo-eje-curatorial-de-la-edicion-2026\/"]}]},{"@type":"ImageObject","inLanguage":"es","@id":"https:\/\/festivalpanoramic.cat\/es\/2026\/03\/27\/arder-de-deseo-eje-curatorial-de-la-edicion-2026\/#primaryimage","url":"https:\/\/festivalpanoramic.cat\/wp-content\/uploads\/2026\/03\/cremar_new.png","contentUrl":"https:\/\/festivalpanoramic.cat\/wp-content\/uploads\/2026\/03\/cremar_new.png","width":1007,"height":671},{"@type":"BreadcrumbList","@id":"https:\/\/festivalpanoramic.cat\/es\/2026\/03\/27\/arder-de-deseo-eje-curatorial-de-la-edicion-2026\/#breadcrumb","itemListElement":[{"@type":"ListItem","position":1,"name":"Inici","item":"https:\/\/festivalpanoramic.cat\/es\/"},{"@type":"ListItem","position":2,"name":"Arder de deseo: eje curatorial de la edici\u00f3n 2026"}]},{"@type":"WebSite","@id":"https:\/\/festivalpanoramic.cat\/es\/#website","url":"https:\/\/festivalpanoramic.cat\/es\/","name":"Festival Panor\u00e0mic","description":"PANOR\u00c0MIC. ARTS I CULTURES VISUALS","potentialAction":[{"@type":"SearchAction","target":{"@type":"EntryPoint","urlTemplate":"https:\/\/festivalpanoramic.cat\/es\/?s={search_term_string}"},"query-input":{"@type":"PropertyValueSpecification","valueRequired":true,"valueName":"search_term_string"}}],"inLanguage":"es"},{"@type":"Person","@id":"https:\/\/festivalpanoramic.cat\/es\/#\/schema\/person\/4fedd067704e1f7dea1f7c1da1e05afb","name":"fpAdmin","image":{"@type":"ImageObject","inLanguage":"es","@id":"https:\/\/secure.gravatar.com\/avatar\/d774f42844dafaefadd21a5a11b851453c1cfcafd671ecd234ea8a21887b2f7e?s=96&d=mm&r=g","url":"https:\/\/secure.gravatar.com\/avatar\/d774f42844dafaefadd21a5a11b851453c1cfcafd671ecd234ea8a21887b2f7e?s=96&d=mm&r=g","contentUrl":"https:\/\/secure.gravatar.com\/avatar\/d774f42844dafaefadd21a5a11b851453c1cfcafd671ecd234ea8a21887b2f7e?s=96&d=mm&r=g","caption":"fpAdmin"},"sameAs":["https:\/\/festivalpanoramic.cat"],"url":"https:\/\/festivalpanoramic.cat\/es\/author\/fpadmin\/"}]}},"_links":{"self":[{"href":"https:\/\/festivalpanoramic.cat\/es\/wp-json\/wp\/v2\/posts\/42265","targetHints":{"allow":["GET"]}}],"collection":[{"href":"https:\/\/festivalpanoramic.cat\/es\/wp-json\/wp\/v2\/posts"}],"about":[{"href":"https:\/\/festivalpanoramic.cat\/es\/wp-json\/wp\/v2\/types\/post"}],"author":[{"embeddable":true,"href":"https:\/\/festivalpanoramic.cat\/es\/wp-json\/wp\/v2\/users\/1"}],"replies":[{"embeddable":true,"href":"https:\/\/festivalpanoramic.cat\/es\/wp-json\/wp\/v2\/comments?post=42265"}],"version-history":[{"count":2,"href":"https:\/\/festivalpanoramic.cat\/es\/wp-json\/wp\/v2\/posts\/42265\/revisions"}],"predecessor-version":[{"id":42268,"href":"https:\/\/festivalpanoramic.cat\/es\/wp-json\/wp\/v2\/posts\/42265\/revisions\/42268"}],"wp:featuredmedia":[{"embeddable":true,"href":"https:\/\/festivalpanoramic.cat\/es\/wp-json\/wp\/v2\/media\/42226"}],"wp:attachment":[{"href":"https:\/\/festivalpanoramic.cat\/es\/wp-json\/wp\/v2\/media?parent=42265"}],"wp:term":[{"taxonomy":"category","embeddable":true,"href":"https:\/\/festivalpanoramic.cat\/es\/wp-json\/wp\/v2\/categories?post=42265"},{"taxonomy":"post_tag","embeddable":true,"href":"https:\/\/festivalpanoramic.cat\/es\/wp-json\/wp\/v2\/tags?post=42265"}],"curies":[{"name":"wp","href":"https:\/\/api.w.org\/{rel}","templated":true}]}}