{"id":42532,"date":"2026-04-08T16:14:57","date_gmt":"2026-04-08T14:14:57","guid":{"rendered":"https:\/\/festivalpanoramic.cat\/?p=42532"},"modified":"2026-04-08T16:31:26","modified_gmt":"2026-04-08T14:31:26","slug":"abierta-la-convocatoria-open-panoramic-2026","status":"publish","type":"post","link":"https:\/\/festivalpanoramic.cat\/es\/2026\/04\/08\/abierta-la-convocatoria-open-panoramic-2026\/","title":{"rendered":"Abierta la convocatoria Open Panor\u00e0mic 2026"},"content":{"rendered":"<p>[et_pb_section fb_built=\u00bb1&#8243; _builder_version=\u00bb4.27.6&#8243; _module_preset=\u00bbdefault\u00bb locked=\u00bboff\u00bb global_colors_info=\u00bb{}\u00bb][et_pb_row _builder_version=\u00bb4.27.6&#8243; _module_preset=\u00bbdefault\u00bb global_colors_info=\u00bb{}\u00bb][et_pb_column type=\u00bb4_4&#8243; _builder_version=\u00bb4.27.6&#8243; _module_preset=\u00bbdefault\u00bb global_colors_info=\u00bb{}\u00bb][et_pb_text _builder_version=\u00bb4.27.6&#8243; _module_preset=\u00bbdefault\u00bb text_font_size=\u00bb20px\u00bb hover_enabled=\u00bb0&#8243; global_colors_info=\u00bb{}\u00bb sticky_enabled=\u00bb0&#8243;]<\/p>\n<p data-start=\"573\" data-end=\"787\">Open Panor\u00e0mic es la convocatoria abierta dirigida a creadores nacionales e internacionales para participar en el festival Panor\u00e0mic. Se plantea como un espacio de encuentro entre artistas, programadores y p\u00fablico.<\/p>\n<p data-start=\"789\" data-end=\"972\">La convocatoria se organiza en tres categor\u00edas: imagen fija, ensayo audiovisual e instalaci\u00f3n y otros formatos.<\/p>\n<p data-start=\"789\" data-end=\"972\">Fecha l\u00edmite de presentaci\u00f3n: lunes <strong>25 de mayo de 2026<\/strong> a las 23:59 h.<\/p>\n<p data-start=\"974\" data-end=\"1059\">Los proyectos seleccionados formar\u00e1n parte del programa expositivo de Panor\u00e0mic 2026.<\/p>\n<p>[\/et_pb_text][et_pb_button button_url=\u00bbhttps:\/\/festivalpanoramic.cat\/es\/project\/convocatoria-open-panoramic-2026\/\u00bb button_text=\u00bbM\u00e1s informaci\u00f3n y bases\u00bb button_alignment=\u00bbcenter\u00bb _builder_version=\u00bb4.27.6&#8243; _module_preset=\u00bbdefault\u00bb custom_button=\u00bbon\u00bb button_text_size=\u00bb21px\u00bb button_text_color=\u00bb#e95119&#8243; button_border_width=\u00bb0px\u00bb button_icon=\u00bb&#x24;||divi||400&#8243; button_icon_color=\u00bb#e95119&#8243; button_on_hover=\u00bboff\u00bb hover_enabled=\u00bb0&#8243; locked=\u00bboff\u00bb global_colors_info=\u00bb{}\u00bb sticky_enabled=\u00bb0&#8243;][\/et_pb_button][\/et_pb_column][\/et_pb_row][\/et_pb_section]<\/p>\n","protected":false},"excerpt":{"rendered":"<p>Open Panor\u00e0mic es la convocatoria abierta dirigida a creadores nacionales e internacionales para participar en el festival Panor\u00e0mic. Se plantea como un espacio de encuentro entre artistas, programadores y p\u00fablico. [&hellip;]<\/p>\n","protected":false},"author":1,"featured_media":42531,"comment_status":"closed","ping_status":"closed","sticky":false,"template":"","format":"standard","meta":{"_et_pb_use_builder":"on","_et_pb_old_content":"","_et_gb_content_width":"","footnotes":""},"categories":[2],"tags":[],"class_list":["post-42532","post","type-post","status-publish","format-standard","has-post-thumbnail","hentry","category-sin-categorizar"],"yoast_head":"<!-- This site is optimized with the Yoast SEO plugin v27.2 - https:\/\/yoast.com\/product\/yoast-seo-wordpress\/ -->\n<title>Abierta la convocatoria Open Panor\u00e0mic 2026 - Festival Panor\u00e0mic<\/title>\n<meta name=\"robots\" content=\"index, follow, max-snippet:-1, max-image-preview:large, max-video-preview:-1\" \/>\n<link rel=\"canonical\" href=\"https:\/\/festivalpanoramic.cat\/es\/2026\/04\/08\/abierta-la-convocatoria-open-panoramic-2026\/\" \/>\n<meta property=\"og:locale\" content=\"es_ES\" \/>\n<meta property=\"og:type\" content=\"article\" \/>\n<meta property=\"og:title\" content=\"Abierta la convocatoria Open Panor\u00e0mic 2026 - Festival Panor\u00e0mic\" \/>\n<meta property=\"og:description\" content=\"Open Panor\u00e0mic es la convocatoria abierta dirigida a creadores nacionales e internacionales para participar en el festival Panor\u00e0mic. Se plantea como un espacio de encuentro entre artistas, programadores y p\u00fablico. [&hellip;]\" \/>\n<meta property=\"og:url\" content=\"https:\/\/festivalpanoramic.cat\/es\/2026\/04\/08\/abierta-la-convocatoria-open-panoramic-2026\/\" \/>\n<meta property=\"og:site_name\" content=\"Festival Panor\u00e0mic\" \/>\n<meta property=\"article:published_time\" content=\"2026-04-08T14:14:57+00:00\" \/>\n<meta property=\"article:modified_time\" content=\"2026-04-08T14:31:26+00:00\" \/>\n<meta property=\"og:image\" content=\"https:\/\/festivalpanoramic.cat\/wp-content\/uploads\/2026\/04\/img_web_OpenPanoramic.png\" \/>\n\t<meta property=\"og:image:width\" content=\"1007\" \/>\n\t<meta property=\"og:image:height\" content=\"671\" \/>\n\t<meta property=\"og:image:type\" content=\"image\/png\" \/>\n<meta name=\"author\" content=\"fpAdmin\" \/>\n<meta name=\"twitter:card\" content=\"summary_large_image\" \/>\n<meta name=\"twitter:label1\" content=\"Escrito por\" \/>\n\t<meta name=\"twitter:data1\" content=\"fpAdmin\" \/>\n\t<meta name=\"twitter:label2\" content=\"Tiempo de lectura\" \/>\n\t<meta name=\"twitter:data2\" content=\"1 minuto\" \/>\n<script type=\"application\/ld+json\" class=\"yoast-schema-graph\">{\"@context\":\"https:\/\/schema.org\",\"@graph\":[{\"@type\":\"Article\",\"@id\":\"https:\/\/festivalpanoramic.cat\/es\/2026\/04\/08\/abierta-la-convocatoria-open-panoramic-2026\/#article\",\"isPartOf\":{\"@id\":\"https:\/\/festivalpanoramic.cat\/es\/2026\/04\/08\/abierta-la-convocatoria-open-panoramic-2026\/\"},\"author\":{\"name\":\"fpAdmin\",\"@id\":\"https:\/\/festivalpanoramic.cat\/es\/#\/schema\/person\/4fedd067704e1f7dea1f7c1da1e05afb\"},\"headline\":\"Abierta la convocatoria Open Panor\u00e0mic 2026\",\"datePublished\":\"2026-04-08T14:14:57+00:00\",\"dateModified\":\"2026-04-08T14:31:26+00:00\",\"mainEntityOfPage\":{\"@id\":\"https:\/\/festivalpanoramic.cat\/es\/2026\/04\/08\/abierta-la-convocatoria-open-panoramic-2026\/\"},\"wordCount\":217,\"image\":{\"@id\":\"https:\/\/festivalpanoramic.cat\/es\/2026\/04\/08\/abierta-la-convocatoria-open-panoramic-2026\/#primaryimage\"},\"thumbnailUrl\":\"https:\/\/festivalpanoramic.cat\/wp-content\/uploads\/2026\/04\/img_web_OpenPanoramic.png\",\"articleSection\":[\"Sin categorizar\"],\"inLanguage\":\"es\"},{\"@type\":\"WebPage\",\"@id\":\"https:\/\/festivalpanoramic.cat\/es\/2026\/04\/08\/abierta-la-convocatoria-open-panoramic-2026\/\",\"url\":\"https:\/\/festivalpanoramic.cat\/es\/2026\/04\/08\/abierta-la-convocatoria-open-panoramic-2026\/\",\"name\":\"Abierta la convocatoria Open Panor\u00e0mic 2026 - Festival Panor\u00e0mic\",\"isPartOf\":{\"@id\":\"https:\/\/festivalpanoramic.cat\/es\/#website\"},\"primaryImageOfPage\":{\"@id\":\"https:\/\/festivalpanoramic.cat\/es\/2026\/04\/08\/abierta-la-convocatoria-open-panoramic-2026\/#primaryimage\"},\"image\":{\"@id\":\"https:\/\/festivalpanoramic.cat\/es\/2026\/04\/08\/abierta-la-convocatoria-open-panoramic-2026\/#primaryimage\"},\"thumbnailUrl\":\"https:\/\/festivalpanoramic.cat\/wp-content\/uploads\/2026\/04\/img_web_OpenPanoramic.png\",\"datePublished\":\"2026-04-08T14:14:57+00:00\",\"dateModified\":\"2026-04-08T14:31:26+00:00\",\"author\":{\"@id\":\"https:\/\/festivalpanoramic.cat\/es\/#\/schema\/person\/4fedd067704e1f7dea1f7c1da1e05afb\"},\"breadcrumb\":{\"@id\":\"https:\/\/festivalpanoramic.cat\/es\/2026\/04\/08\/abierta-la-convocatoria-open-panoramic-2026\/#breadcrumb\"},\"inLanguage\":\"es\",\"potentialAction\":[{\"@type\":\"ReadAction\",\"target\":[\"https:\/\/festivalpanoramic.cat\/es\/2026\/04\/08\/abierta-la-convocatoria-open-panoramic-2026\/\"]}]},{\"@type\":\"ImageObject\",\"inLanguage\":\"es\",\"@id\":\"https:\/\/festivalpanoramic.cat\/es\/2026\/04\/08\/abierta-la-convocatoria-open-panoramic-2026\/#primaryimage\",\"url\":\"https:\/\/festivalpanoramic.cat\/wp-content\/uploads\/2026\/04\/img_web_OpenPanoramic.png\",\"contentUrl\":\"https:\/\/festivalpanoramic.cat\/wp-content\/uploads\/2026\/04\/img_web_OpenPanoramic.png\",\"width\":1007,\"height\":671},{\"@type\":\"BreadcrumbList\",\"@id\":\"https:\/\/festivalpanoramic.cat\/es\/2026\/04\/08\/abierta-la-convocatoria-open-panoramic-2026\/#breadcrumb\",\"itemListElement\":[{\"@type\":\"ListItem\",\"position\":1,\"name\":\"Inici\",\"item\":\"https:\/\/festivalpanoramic.cat\/es\/\"},{\"@type\":\"ListItem\",\"position\":2,\"name\":\"Abierta la convocatoria Open Panor\u00e0mic 2026\"}]},{\"@type\":\"WebSite\",\"@id\":\"https:\/\/festivalpanoramic.cat\/es\/#website\",\"url\":\"https:\/\/festivalpanoramic.cat\/es\/\",\"name\":\"Festival Panor\u00e0mic\",\"description\":\"PANOR\u00c0MIC. ARTS I CULTURES VISUALS\",\"potentialAction\":[{\"@type\":\"SearchAction\",\"target\":{\"@type\":\"EntryPoint\",\"urlTemplate\":\"https:\/\/festivalpanoramic.cat\/es\/?s={search_term_string}\"},\"query-input\":{\"@type\":\"PropertyValueSpecification\",\"valueRequired\":true,\"valueName\":\"search_term_string\"}}],\"inLanguage\":\"es\"},{\"@type\":\"Person\",\"@id\":\"https:\/\/festivalpanoramic.cat\/es\/#\/schema\/person\/4fedd067704e1f7dea1f7c1da1e05afb\",\"name\":\"fpAdmin\",\"image\":{\"@type\":\"ImageObject\",\"inLanguage\":\"es\",\"@id\":\"https:\/\/secure.gravatar.com\/avatar\/d774f42844dafaefadd21a5a11b851453c1cfcafd671ecd234ea8a21887b2f7e?s=96&d=mm&r=g\",\"url\":\"https:\/\/secure.gravatar.com\/avatar\/d774f42844dafaefadd21a5a11b851453c1cfcafd671ecd234ea8a21887b2f7e?s=96&d=mm&r=g\",\"contentUrl\":\"https:\/\/secure.gravatar.com\/avatar\/d774f42844dafaefadd21a5a11b851453c1cfcafd671ecd234ea8a21887b2f7e?s=96&d=mm&r=g\",\"caption\":\"fpAdmin\"},\"sameAs\":[\"https:\/\/festivalpanoramic.cat\"],\"url\":\"https:\/\/festivalpanoramic.cat\/es\/author\/fpadmin\/\"}]}<\/script>\n<!-- \/ Yoast SEO plugin. -->","yoast_head_json":{"title":"Abierta la convocatoria Open Panor\u00e0mic 2026 - Festival Panor\u00e0mic","robots":{"index":"index","follow":"follow","max-snippet":"max-snippet:-1","max-image-preview":"max-image-preview:large","max-video-preview":"max-video-preview:-1"},"canonical":"https:\/\/festivalpanoramic.cat\/es\/2026\/04\/08\/abierta-la-convocatoria-open-panoramic-2026\/","og_locale":"es_ES","og_type":"article","og_title":"Abierta la convocatoria Open Panor\u00e0mic 2026 - Festival Panor\u00e0mic","og_description":"Open Panor\u00e0mic es la convocatoria abierta dirigida a creadores nacionales e internacionales para participar en el festival Panor\u00e0mic. Se plantea como un espacio de encuentro entre artistas, programadores y p\u00fablico. [&hellip;]","og_url":"https:\/\/festivalpanoramic.cat\/es\/2026\/04\/08\/abierta-la-convocatoria-open-panoramic-2026\/","og_site_name":"Festival Panor\u00e0mic","article_published_time":"2026-04-08T14:14:57+00:00","article_modified_time":"2026-04-08T14:31:26+00:00","og_image":[{"width":1007,"height":671,"url":"https:\/\/festivalpanoramic.cat\/wp-content\/uploads\/2026\/04\/img_web_OpenPanoramic.png","type":"image\/png"}],"author":"fpAdmin","twitter_card":"summary_large_image","twitter_misc":{"Escrito por":"fpAdmin","Tiempo de lectura":"1 minuto"},"schema":{"@context":"https:\/\/schema.org","@graph":[{"@type":"Article","@id":"https:\/\/festivalpanoramic.cat\/es\/2026\/04\/08\/abierta-la-convocatoria-open-panoramic-2026\/#article","isPartOf":{"@id":"https:\/\/festivalpanoramic.cat\/es\/2026\/04\/08\/abierta-la-convocatoria-open-panoramic-2026\/"},"author":{"name":"fpAdmin","@id":"https:\/\/festivalpanoramic.cat\/es\/#\/schema\/person\/4fedd067704e1f7dea1f7c1da1e05afb"},"headline":"Abierta la convocatoria Open Panor\u00e0mic 2026","datePublished":"2026-04-08T14:14:57+00:00","dateModified":"2026-04-08T14:31:26+00:00","mainEntityOfPage":{"@id":"https:\/\/festivalpanoramic.cat\/es\/2026\/04\/08\/abierta-la-convocatoria-open-panoramic-2026\/"},"wordCount":217,"image":{"@id":"https:\/\/festivalpanoramic.cat\/es\/2026\/04\/08\/abierta-la-convocatoria-open-panoramic-2026\/#primaryimage"},"thumbnailUrl":"https:\/\/festivalpanoramic.cat\/wp-content\/uploads\/2026\/04\/img_web_OpenPanoramic.png","articleSection":["Sin categorizar"],"inLanguage":"es"},{"@type":"WebPage","@id":"https:\/\/festivalpanoramic.cat\/es\/2026\/04\/08\/abierta-la-convocatoria-open-panoramic-2026\/","url":"https:\/\/festivalpanoramic.cat\/es\/2026\/04\/08\/abierta-la-convocatoria-open-panoramic-2026\/","name":"Abierta la convocatoria Open Panor\u00e0mic 2026 - Festival Panor\u00e0mic","isPartOf":{"@id":"https:\/\/festivalpanoramic.cat\/es\/#website"},"primaryImageOfPage":{"@id":"https:\/\/festivalpanoramic.cat\/es\/2026\/04\/08\/abierta-la-convocatoria-open-panoramic-2026\/#primaryimage"},"image":{"@id":"https:\/\/festivalpanoramic.cat\/es\/2026\/04\/08\/abierta-la-convocatoria-open-panoramic-2026\/#primaryimage"},"thumbnailUrl":"https:\/\/festivalpanoramic.cat\/wp-content\/uploads\/2026\/04\/img_web_OpenPanoramic.png","datePublished":"2026-04-08T14:14:57+00:00","dateModified":"2026-04-08T14:31:26+00:00","author":{"@id":"https:\/\/festivalpanoramic.cat\/es\/#\/schema\/person\/4fedd067704e1f7dea1f7c1da1e05afb"},"breadcrumb":{"@id":"https:\/\/festivalpanoramic.cat\/es\/2026\/04\/08\/abierta-la-convocatoria-open-panoramic-2026\/#breadcrumb"},"inLanguage":"es","potentialAction":[{"@type":"ReadAction","target":["https:\/\/festivalpanoramic.cat\/es\/2026\/04\/08\/abierta-la-convocatoria-open-panoramic-2026\/"]}]},{"@type":"ImageObject","inLanguage":"es","@id":"https:\/\/festivalpanoramic.cat\/es\/2026\/04\/08\/abierta-la-convocatoria-open-panoramic-2026\/#primaryimage","url":"https:\/\/festivalpanoramic.cat\/wp-content\/uploads\/2026\/04\/img_web_OpenPanoramic.png","contentUrl":"https:\/\/festivalpanoramic.cat\/wp-content\/uploads\/2026\/04\/img_web_OpenPanoramic.png","width":1007,"height":671},{"@type":"BreadcrumbList","@id":"https:\/\/festivalpanoramic.cat\/es\/2026\/04\/08\/abierta-la-convocatoria-open-panoramic-2026\/#breadcrumb","itemListElement":[{"@type":"ListItem","position":1,"name":"Inici","item":"https:\/\/festivalpanoramic.cat\/es\/"},{"@type":"ListItem","position":2,"name":"Abierta la convocatoria Open Panor\u00e0mic 2026"}]},{"@type":"WebSite","@id":"https:\/\/festivalpanoramic.cat\/es\/#website","url":"https:\/\/festivalpanoramic.cat\/es\/","name":"Festival Panor\u00e0mic","description":"PANOR\u00c0MIC. ARTS I CULTURES VISUALS","potentialAction":[{"@type":"SearchAction","target":{"@type":"EntryPoint","urlTemplate":"https:\/\/festivalpanoramic.cat\/es\/?s={search_term_string}"},"query-input":{"@type":"PropertyValueSpecification","valueRequired":true,"valueName":"search_term_string"}}],"inLanguage":"es"},{"@type":"Person","@id":"https:\/\/festivalpanoramic.cat\/es\/#\/schema\/person\/4fedd067704e1f7dea1f7c1da1e05afb","name":"fpAdmin","image":{"@type":"ImageObject","inLanguage":"es","@id":"https:\/\/secure.gravatar.com\/avatar\/d774f42844dafaefadd21a5a11b851453c1cfcafd671ecd234ea8a21887b2f7e?s=96&d=mm&r=g","url":"https:\/\/secure.gravatar.com\/avatar\/d774f42844dafaefadd21a5a11b851453c1cfcafd671ecd234ea8a21887b2f7e?s=96&d=mm&r=g","contentUrl":"https:\/\/secure.gravatar.com\/avatar\/d774f42844dafaefadd21a5a11b851453c1cfcafd671ecd234ea8a21887b2f7e?s=96&d=mm&r=g","caption":"fpAdmin"},"sameAs":["https:\/\/festivalpanoramic.cat"],"url":"https:\/\/festivalpanoramic.cat\/es\/author\/fpadmin\/"}]}},"_links":{"self":[{"href":"https:\/\/festivalpanoramic.cat\/es\/wp-json\/wp\/v2\/posts\/42532","targetHints":{"allow":["GET"]}}],"collection":[{"href":"https:\/\/festivalpanoramic.cat\/es\/wp-json\/wp\/v2\/posts"}],"about":[{"href":"https:\/\/festivalpanoramic.cat\/es\/wp-json\/wp\/v2\/types\/post"}],"author":[{"embeddable":true,"href":"https:\/\/festivalpanoramic.cat\/es\/wp-json\/wp\/v2\/users\/1"}],"replies":[{"embeddable":true,"href":"https:\/\/festivalpanoramic.cat\/es\/wp-json\/wp\/v2\/comments?post=42532"}],"version-history":[{"count":3,"href":"https:\/\/festivalpanoramic.cat\/es\/wp-json\/wp\/v2\/posts\/42532\/revisions"}],"predecessor-version":[{"id":42545,"href":"https:\/\/festivalpanoramic.cat\/es\/wp-json\/wp\/v2\/posts\/42532\/revisions\/42545"}],"wp:featuredmedia":[{"embeddable":true,"href":"https:\/\/festivalpanoramic.cat\/es\/wp-json\/wp\/v2\/media\/42531"}],"wp:attachment":[{"href":"https:\/\/festivalpanoramic.cat\/es\/wp-json\/wp\/v2\/media?parent=42532"}],"wp:term":[{"taxonomy":"category","embeddable":true,"href":"https:\/\/festivalpanoramic.cat\/es\/wp-json\/wp\/v2\/categories?post=42532"},{"taxonomy":"post_tag","embeddable":true,"href":"https:\/\/festivalpanoramic.cat\/es\/wp-json\/wp\/v2\/tags?post=42532"}],"curies":[{"name":"wp","href":"https:\/\/api.w.org\/{rel}","templated":true}]}}